{"id":1804,"date":"2023-06-09T12:01:45","date_gmt":"2023-06-09T15:01:45","guid":{"rendered":"https:\/\/consbelohorizonte.esteri.it\/?p=1804"},"modified":"2023-10-10T10:29:50","modified_gmt":"2023-10-10T13:29:50","slug":"fabio-lepore-jazz-quartet","status":"publish","type":"post","link":"https:\/\/consbelohorizonte.esteri.it\/it\/news\/dal_consolato\/2023\/06\/fabio-lepore-jazz-quartet\/","title":{"rendered":"FABIO LEPORE JAZZ QUARTET"},"content":{"rendered":"<p><strong> O Consulado Italiano em Belo Horizonte tem o prazer de convid\u00e1-los para o concerto \u2018Pausa Caff\u00e8\u2019 com Fabio Lepore Jazz Quartet. Uma realiza\u00e7\u00e3o em parceria com o Instituto Italiano de Cultura do Rio de Janeiro que traz a turn\u00ea internacional do m\u00fasico para nosso Pa\u00eds.<\/strong><\/p>\n<p>Expoente do g\u00eanero na It\u00e1lia, Fabio Lepore chama a aten\u00e7\u00e3o principalmente pelas interpreta\u00e7\u00f5es em sua l\u00edngua nativa preservando, ao mesmo tempo, a tradi\u00e7\u00e3o do jazz, j\u00e1 que suas composi\u00e7\u00f5es est\u00e3o ligadas \u00e0 era de ouro do jazz vocal. Em seu repert\u00f3rio Lepore oferece ao p\u00fablico consagradas can\u00e7\u00f5es de compositores italianos como Enio Morricone, Armando Trovajoli, Canfora, D\u2019Anzi, Lelio Luttazzi e Kramer. Em sua apresenta\u00e7\u00e3o Lepore ser\u00e1 acompanhado na bateria por Pedro de Souza Cavalcanti, no contrabaixo ac\u00fastico por Felipe Possato Gianei e nos teclados por Ricardo Lu\u00eds Castellanos Araujo.<\/p>\n<p>Fabio Lepore \u00e9 vencedor de in\u00fameros pr\u00eamios internacionais e desde 2020 \u00e9 o diretor art\u00edstico do Levante Jazz Festival. Participou de projetos musicais em 65 pa\u00edses. Conhe\u00e7a Fabio no <a href=\"https:\/\/open.spotify.com\/artist\/1swLRkzhuP97JpbuKTXcob\">Spotify<\/a> .<\/p>\n<p>RETIRE SEU INGRESSO NO <a href=\"https:\/\/www.sympla.com.br\/evento\/fabio-lepore-jazz-quartet\/2023825\">SYMPLA<\/a><\/p>\n","protected":false},"excerpt":{"rendered":"O Consulado Italiano em Belo Horizonte tem o prazer de convid\u00e1-los para o concerto \u2018Pausa Caff\u00e8\u2019 com Fabio Lepore Jazz Quartet. Uma realiza\u00e7\u00e3o em parceria com o Instituto Italiano de Cultura do Rio de Janeiro que traz a turn\u00ea internacional do m\u00fasico para nosso Pa\u00eds. Expoente do g\u00eanero na It\u00e1lia, Fabio Lepore chama a aten\u00e7\u00e3o [&hellip;]","protected":false},"author":20,"featured_media":1808,"comment_status":"closed","ping_status":"closed","sticky":false,"template":"","format":"standard","meta":{"footnotes":""},"tags":[17],"class_list":["post-1804","post","type-post","status-publish","format-standard","has-post-thumbnail","hentry","tag-diplomazia-culturale"],"_links":{"self":[{"href":"https:\/\/consbelohorizonte.esteri.it\/it\/wp-json\/wp\/v2\/posts\/1804","targetHints":{"allow":["GET"]}}],"collection":[{"href":"https:\/\/consbelohorizonte.esteri.it\/it\/wp-json\/wp\/v2\/posts"}],"about":[{"href":"https:\/\/consbelohorizonte.esteri.it\/it\/wp-json\/wp\/v2\/types\/post"}],"author":[{"embeddable":true,"href":"https:\/\/consbelohorizonte.esteri.it\/it\/wp-json\/wp\/v2\/users\/20"}],"replies":[{"embeddable":true,"href":"https:\/\/consbelohorizonte.esteri.it\/it\/wp-json\/wp\/v2\/comments?post=1804"}],"version-history":[{"count":1,"href":"https:\/\/consbelohorizonte.esteri.it\/it\/wp-json\/wp\/v2\/posts\/1804\/revisions"}],"predecessor-version":[{"id":2107,"href":"https:\/\/consbelohorizonte.esteri.it\/it\/wp-json\/wp\/v2\/posts\/1804\/revisions\/2107"}],"wp:featuredmedia":[{"embeddable":true,"href":"https:\/\/consbelohorizonte.esteri.it\/it\/wp-json\/wp\/v2\/media\/1808"}],"wp:attachment":[{"href":"https:\/\/consbelohorizonte.esteri.it\/it\/wp-json\/wp\/v2\/media?parent=1804"}],"wp:term":[{"taxonomy":"post_tag","embeddable":true,"href":"https:\/\/consbelohorizonte.esteri.it\/it\/wp-json\/wp\/v2\/tags?post=1804"}],"curies":[{"name":"wp","href":"https:\/\/api.w.org\/{rel}","templated":true}]}}