{"id":1699,"date":"2023-05-18T16:01:29","date_gmt":"2023-05-18T19:01:29","guid":{"rendered":"https:\/\/consbelohorizonte.esteri.it\/?p=1699"},"modified":"2023-05-18T16:05:14","modified_gmt":"2023-05-18T19:05:14","slug":"vivo-darte-2023","status":"publish","type":"post","link":"https:\/\/consbelohorizonte.esteri.it\/it\/news\/dal_consolato\/2023\/05\/vivo-darte-2023\/","title":{"rendered":"VIVO D&#8217;ARTE 2023"},"content":{"rendered":"<h2><strong>Quinta edizione del premio &#8220;Vivo d&#8217;Arte&#8221; per artisti italiani residenti all&#8217;estero <\/strong><\/h2>\n<p><strong>Prende il via la quinta edizione del concorso-premio &#8220;Vivo d&#8217;arte&#8221;, promosso da <\/strong><strong>MAECI<\/strong><strong> in collaborazione con la Fondazione Romaeuropa<\/strong><strong>, dedicato ai giovani artisti italiani residenti all&#8217;estero e iscritti all&#8217;AIRE.<br \/>\n<\/strong><\/p>\n<p>Oggetto del concorso-premio \u00e8 la creazione di opere originali di teatro, danza e musica incentrate sul tema della contaminazione &#8211; incontri con la cultura del paese di residenza, anche con l&#8217;eventuale coinvolgimento di artisti locali.<br \/>\nIl progetto vincitore potr\u00e0 essere gi\u00e0 andato in scena all&#8217;estero ma non in Italia, in quanto sar\u00e0 rappresentato in prima nazionale nell&#8217;ambito della prossima edizione del Romaeuropa Festival (Roma, 6 settembre &#8211; 19 novembre 2023).<\/p>\n<p>La scadenza per la ricezione delle domande \u00e8 prevista per le ore 23:59 del giorno 18 giugno 2023.<\/p>\n","protected":false},"excerpt":{"rendered":"Quinta edizione del premio &#8220;Vivo d&#8217;Arte&#8221; per artisti italiani residenti all&#8217;estero Prende il via la quinta edizione del concorso-premio &#8220;Vivo d&#8217;arte&#8221;, promosso da MAECI in collaborazione con la Fondazione Romaeuropa, dedicato ai giovani artisti italiani residenti all&#8217;estero e iscritti all&#8217;AIRE. Oggetto del concorso-premio \u00e8 la creazione di opere originali di teatro, danza e musica incentrate [&hellip;]","protected":false},"author":20,"featured_media":1687,"comment_status":"closed","ping_status":"closed","sticky":false,"template":"","format":"standard","meta":{"footnotes":""},"tags":[],"class_list":["post-1699","post","type-post","status-publish","format-standard","has-post-thumbnail","hentry"],"_links":{"self":[{"href":"https:\/\/consbelohorizonte.esteri.it\/it\/wp-json\/wp\/v2\/posts\/1699","targetHints":{"allow":["GET"]}}],"collection":[{"href":"https:\/\/consbelohorizonte.esteri.it\/it\/wp-json\/wp\/v2\/posts"}],"about":[{"href":"https:\/\/consbelohorizonte.esteri.it\/it\/wp-json\/wp\/v2\/types\/post"}],"author":[{"embeddable":true,"href":"https:\/\/consbelohorizonte.esteri.it\/it\/wp-json\/wp\/v2\/users\/20"}],"replies":[{"embeddable":true,"href":"https:\/\/consbelohorizonte.esteri.it\/it\/wp-json\/wp\/v2\/comments?post=1699"}],"version-history":[{"count":0,"href":"https:\/\/consbelohorizonte.esteri.it\/it\/wp-json\/wp\/v2\/posts\/1699\/revisions"}],"wp:featuredmedia":[{"embeddable":true,"href":"https:\/\/consbelohorizonte.esteri.it\/it\/wp-json\/wp\/v2\/media\/1687"}],"wp:attachment":[{"href":"https:\/\/consbelohorizonte.esteri.it\/it\/wp-json\/wp\/v2\/media?parent=1699"}],"wp:term":[{"taxonomy":"post_tag","embeddable":true,"href":"https:\/\/consbelohorizonte.esteri.it\/it\/wp-json\/wp\/v2\/tags?post=1699"}],"curies":[{"name":"wp","href":"https:\/\/api.w.org\/{rel}","templated":true}]}}