{"id":1433,"date":"2016-10-21T13:35:30","date_gmt":"2016-10-21T11:35:30","guid":{"rendered":"https:\/\/consbelohorizonte.esteri.it\/news\/dal_consolato\/2016\/10\/ricevi-le-nostre-news\/"},"modified":"2016-10-21T13:35:30","modified_gmt":"2016-10-21T11:35:30","slug":"ricevi-le-nostre-news","status":"publish","type":"post","link":"https:\/\/consbelohorizonte.esteri.it\/it\/news\/dal_consolato\/2016\/10\/ricevi-le-nostre-news\/","title":{"rendered":"Ricevi le nostre news!"},"content":{"rendered":"<p>Per ricevere le newsletter del Consolato d&#8217;Italia a Belo Horizonte e conoscere cos\u00ec le iniziative che promuoviamo \u00e8 semplicissimo: \u00e8 sufficiente mandare una e-mail a\u00a0<span style=\"text-decoration: underline;\"><a href=\"mailto:belohorizonte.consolato@esteri.it\">belohorizonte.consolato@esteri.it<\/a><\/span>\u00a0con la parola <strong>ISCRIVIMI<\/strong> nell&#8217;oggetto del messaggio. L\u2019indirizzo e-mail non verr\u00e0 comunicato a terzi e non saranno inviate comunicazioni di carattere commerciale. In qualsiasi momento si potr\u00e0 richiedere la cancellazione dell\u2019iscrizione, inviando un\u2019e-mail con la parola <strong>CANCELLAMI<\/strong> nell\u2019oggetto del messaggio.<\/p>\n<p>Inviando l\u2019email, l\u2019interessato dichiara di aver preso visione del <span style=\"text-decoration: underline;\"><strong><a href=\"https:\/\/www.garanteprivacy.it\/documents\/10160\/0\/Regolamento+UE+2016+679.+Arricchito+con+riferimenti+ai+Considerando+Aggiornato+alle+rettifiche+pubblicate+sulla+Gazzetta+Ufficiale++dell%27Unione+europea+127+del+23+maggio+2018\">Regolamento Generale sulla Protezione dei Dati (UE) 2016\/679<\/a><\/strong><\/span>.<\/p>\n<p>A presto!\u00a0<\/p>\n","protected":false},"excerpt":{"rendered":"Per ricevere le newsletter del Consolato d&#8217;Italia a Belo Horizonte e conoscere cos\u00ec le iniziative che promuoviamo \u00e8 semplicissimo: \u00e8 sufficiente mandare una e-mail a\u00a0belohorizonte.consolato@esteri.it\u00a0con la parola ISCRIVIMI nell&#8217;oggetto del messaggio. L\u2019indirizzo e-mail non verr\u00e0 comunicato a terzi e non saranno inviate comunicazioni di carattere commerciale. In qualsiasi momento si potr\u00e0 richiedere la cancellazione dell\u2019iscrizione, [&hellip;]","protected":false},"author":1,"featured_media":0,"comment_status":"","ping_status":"","sticky":false,"template":"","format":"standard","meta":{"footnotes":""},"tags":[],"class_list":["post-1433","post","type-post","status-publish","format-standard","hentry"],"_links":{"self":[{"href":"https:\/\/consbelohorizonte.esteri.it\/it\/wp-json\/wp\/v2\/posts\/1433","targetHints":{"allow":["GET"]}}],"collection":[{"href":"https:\/\/consbelohorizonte.esteri.it\/it\/wp-json\/wp\/v2\/posts"}],"about":[{"href":"https:\/\/consbelohorizonte.esteri.it\/it\/wp-json\/wp\/v2\/types\/post"}],"author":[{"embeddable":true,"href":"https:\/\/consbelohorizonte.esteri.it\/it\/wp-json\/wp\/v2\/users\/1"}],"replies":[{"embeddable":true,"href":"https:\/\/consbelohorizonte.esteri.it\/it\/wp-json\/wp\/v2\/comments?post=1433"}],"version-history":[{"count":0,"href":"https:\/\/consbelohorizonte.esteri.it\/it\/wp-json\/wp\/v2\/posts\/1433\/revisions"}],"wp:attachment":[{"href":"https:\/\/consbelohorizonte.esteri.it\/it\/wp-json\/wp\/v2\/media?parent=1433"}],"wp:term":[{"taxonomy":"post_tag","embeddable":true,"href":"https:\/\/consbelohorizonte.esteri.it\/it\/wp-json\/wp\/v2\/tags?post=1433"}],"curies":[{"name":"wp","href":"https:\/\/api.w.org\/{rel}","templated":true}]}}