{"id":1403,"date":"2017-03-08T20:07:39","date_gmt":"2017-03-08T19:07:39","guid":{"rendered":"https:\/\/consbelohorizonte.esteri.it\/news\/dal_consolato\/2017\/03\/rassegna-cinematografica-i-classici\/"},"modified":"2017-03-08T20:07:39","modified_gmt":"2017-03-08T19:07:39","slug":"rassegna-cinematografica-i-classici","status":"publish","type":"post","link":"https:\/\/consbelohorizonte.esteri.it\/it\/news\/dal_consolato\/2017\/03\/rassegna-cinematografica-i-classici\/","title":{"rendered":"Rassegna Cinematografica: Classici Italiani &#8211; Palacio das Artes &#8211; Cinema Humberto Mauro (17 febbraio &#8211; 24 marzo)"},"content":{"rendered":"<p>Nata da una collaborazione tra Funda\u00e7\u00e3o Clovis Salgado, Consolato d&#8217;Italia di Belo Horizonte e Istituto Italiano di Cultura di San Paolo, \u00e9 stata inaugurata lo scorso 17 febbraio la rassegna cinematografica &#8220;I Classici Italiani&#8221;. Fino al 24 marzo, presso il Cinema Humberto Mauro, sar\u00e1 possibile assistere gratuitamente al meglio del cinema italiano dagli anni Quaranta in poi. Per la programmazione completa, <a href=\"http:\/\/fcs.mg.gov.br\/index.php?option=com_gmg&#038;controller=event&#038;id=2362-classicos-italianos\">clicca qui<\/a>. <\/p>\n<p><img decoding=\"async\" src=\"resource\/img\/2017\/03\/mjfg9837.jpg\" alt=\"mjfg9837\" \/><\/p>\n","protected":false},"excerpt":{"rendered":"Nata da una collaborazione tra Funda\u00e7\u00e3o Clovis Salgado, Consolato d&#8217;Italia di Belo Horizonte e Istituto Italiano di Cultura di San Paolo, \u00e9 stata inaugurata lo scorso 17 febbraio la rassegna cinematografica &#8220;I Classici Italiani&#8221;. Fino al 24 marzo, presso il Cinema Humberto Mauro, sar\u00e1 possibile assistere gratuitamente al meglio del cinema italiano dagli anni Quaranta [&hellip;]","protected":false},"author":1,"featured_media":0,"comment_status":"","ping_status":"","sticky":false,"template":"","format":"standard","meta":{"footnotes":""},"tags":[],"class_list":["post-1403","post","type-post","status-publish","format-standard","hentry"],"_links":{"self":[{"href":"https:\/\/consbelohorizonte.esteri.it\/it\/wp-json\/wp\/v2\/posts\/1403","targetHints":{"allow":["GET"]}}],"collection":[{"href":"https:\/\/consbelohorizonte.esteri.it\/it\/wp-json\/wp\/v2\/posts"}],"about":[{"href":"https:\/\/consbelohorizonte.esteri.it\/it\/wp-json\/wp\/v2\/types\/post"}],"author":[{"embeddable":true,"href":"https:\/\/consbelohorizonte.esteri.it\/it\/wp-json\/wp\/v2\/users\/1"}],"replies":[{"embeddable":true,"href":"https:\/\/consbelohorizonte.esteri.it\/it\/wp-json\/wp\/v2\/comments?post=1403"}],"version-history":[{"count":0,"href":"https:\/\/consbelohorizonte.esteri.it\/it\/wp-json\/wp\/v2\/posts\/1403\/revisions"}],"wp:attachment":[{"href":"https:\/\/consbelohorizonte.esteri.it\/it\/wp-json\/wp\/v2\/media?parent=1403"}],"wp:term":[{"taxonomy":"post_tag","embeddable":true,"href":"https:\/\/consbelohorizonte.esteri.it\/it\/wp-json\/wp\/v2\/tags?post=1403"}],"curies":[{"name":"wp","href":"https:\/\/api.w.org\/{rel}","templated":true}]}}