{"id":1395,"date":"2017-03-09T18:59:02","date_gmt":"2017-03-09T17:59:02","guid":{"rendered":"https:\/\/consbelohorizonte.esteri.it\/news\/dal_consolato\/2017\/03\/belo-horizonte-ed-il-terzo-settore\/"},"modified":"2017-03-09T18:59:02","modified_gmt":"2017-03-09T17:59:02","slug":"belo-horizonte-ed-il-terzo-settore","status":"publish","type":"post","link":"https:\/\/consbelohorizonte.esteri.it\/it\/news\/dal_consolato\/2017\/03\/belo-horizonte-ed-il-terzo-settore\/","title":{"rendered":"Belo Horizonte ed il terzo settore: visita dell\u2019Ambasciatore Bernardini"},"content":{"rendered":"<p>Sabato 4 e domenica 5 marzo l&#8217;Ambasciatore Bernardini, assieme alla signora Bernardini ed al Ministro Consigliere dell&#8217;Ambasciata Filippo La Rosa, ha visitato Belo Horizonte per conoscere alcune delle pi\u00f9 importanti realt\u00e0 italiane di solidariet\u00e0 e cooperazione del Minas Gerais.<\/p>\n<p>La visita \u00e8 iniziata presso la APAC di Nova Lima, assieme a Fabrizio Pellicelli, direttore di AVSI Brasile, e Jacopo Sabatiello, direttore di AVSI Minas Gerais. Utilizzando una metodologia pioniera, nata in Brasile, le APAC (Associazioni di Protezione e Assistenza ai Condannati) sono diventate un riferimento internazionale per il trattamento dei detenuti.\u00a0La principale differenza tra le APAC e il sistema carcerario tradizionale \u00e8 la totale assenza di guardie penitenziarie e armi all\u2019interno delle strutture, che si reggono invece sulla corresponsabilizzazione e l\u2019autogestione dei \u201crecuperandi\u201d (cos\u00ec sono chiamati i detenuti all\u00b4interno delle APAC). L\u2019efficacia e l\u2019efficienza delle APAC sono dimostrate principalmente dall\u2019indice di recidiva criminale (20%-30% nelle APAC e 70%-80% nelle carceri tradizionali) e dai costi per detenuto (rispettivamente R$ 1.000 al mese contro R$ 3.000). Ad oggi Minas Gerais \u00e8 sede di 39 APAC, che accolgono circa 3.000 detenuti. Quella di Nova Lima, una delle pi\u00f9 antiche e rodate, ospita 89 \u201crecuperandi\u201d e, da un anno circa, ha aperto una sezione femminile.<\/p>\n<p>A seguire, l&#8217;Ambasciatore ha partecipato ad una festa per i cinquant&#8217;anni in Brasile della missionaria italiana Rosa Brambilla, fondatrice delle Opere Educative Padre Giussani. Hanno partecipato all&#8217;evento oltre 350 persone, tra cui molti esponenti della collettivit\u00e0 italiana storica di Belo Horizonte, a partire dalla consigliera CGIE Silvia Alciati.<\/p>\n<p>La visita dell\u2019Ambasciatore a Belo Horizonte \u00e8 stata anche l&#8217;occasione per incontrare informalmente il nuovo sindaco di Betim Vittorio Medioli, ed il Presidente della Casa Fiat di Cultura Jos\u00e9 Eduardo de Lima Pereira.<\/p>\n<p>\u00a0<\/p>\n<p>Un momento della visita alla APAC:<br \/><img decoding=\"async\" alt=\"apac\" src=\"resource\/img\/2017\/03\/apac.jpg\" \/><\/p>\n<p>\u00a0<\/p>\n<p>\u00a0<\/p>\n<p>Un momento delle celebrazioni per Rosetta Brambilla:<br \/><img decoding=\"async\" alt=\"img 0256\" src=\"resource\/img\/2017\/03\/img_0256.jpg\" \/><\/p>\n<p>L&#8217;incontro con Vittorio Medioli:<br \/><img decoding=\"async\" alt=\"sada\" src=\"resource\/img\/2017\/03\/sada.jpg\" \/><\/p>\n<p>\u00a0<\/p>\n<p>\u00a0<\/p>\n<p>L&#8217;incontro con il Presidente della Casa Fiat di Cultura Jos\u00e9 Eduardo de Lima Pereira:<br \/><img decoding=\"async\" alt=\"casa fiat\" src=\"resource\/img\/2017\/03\/casa_fiat.jpg\" \/><\/p>\n<p>\u00a0<\/p>\n","protected":false},"excerpt":{"rendered":"Sabato 4 e domenica 5 marzo l&#8217;Ambasciatore Bernardini, assieme alla signora Bernardini ed al Ministro Consigliere dell&#8217;Ambasciata Filippo La Rosa, ha visitato Belo Horizonte per conoscere alcune delle pi\u00f9 importanti realt\u00e0 italiane di solidariet\u00e0 e cooperazione del Minas Gerais. La visita \u00e8 iniziata presso la APAC di Nova Lima, assieme a Fabrizio Pellicelli, direttore di [&hellip;]","protected":false},"author":1,"featured_media":0,"comment_status":"","ping_status":"","sticky":false,"template":"","format":"standard","meta":{"footnotes":""},"tags":[],"class_list":["post-1395","post","type-post","status-publish","format-standard","hentry"],"_links":{"self":[{"href":"https:\/\/consbelohorizonte.esteri.it\/it\/wp-json\/wp\/v2\/posts\/1395","targetHints":{"allow":["GET"]}}],"collection":[{"href":"https:\/\/consbelohorizonte.esteri.it\/it\/wp-json\/wp\/v2\/posts"}],"about":[{"href":"https:\/\/consbelohorizonte.esteri.it\/it\/wp-json\/wp\/v2\/types\/post"}],"author":[{"embeddable":true,"href":"https:\/\/consbelohorizonte.esteri.it\/it\/wp-json\/wp\/v2\/users\/1"}],"replies":[{"embeddable":true,"href":"https:\/\/consbelohorizonte.esteri.it\/it\/wp-json\/wp\/v2\/comments?post=1395"}],"version-history":[{"count":0,"href":"https:\/\/consbelohorizonte.esteri.it\/it\/wp-json\/wp\/v2\/posts\/1395\/revisions"}],"wp:attachment":[{"href":"https:\/\/consbelohorizonte.esteri.it\/it\/wp-json\/wp\/v2\/media?parent=1395"}],"wp:term":[{"taxonomy":"post_tag","embeddable":true,"href":"https:\/\/consbelohorizonte.esteri.it\/it\/wp-json\/wp\/v2\/tags?post=1395"}],"curies":[{"name":"wp","href":"https:\/\/api.w.org\/{rel}","templated":true}]}}