{"id":1355,"date":"2017-03-31T17:57:32","date_gmt":"2017-03-31T15:57:32","guid":{"rendered":"https:\/\/consbelohorizonte.esteri.it\/news\/dal_consolato\/2017\/03\/partecipazione-del-consolato-agli\/"},"modified":"2017-03-31T17:57:32","modified_gmt":"2017-03-31T15:57:32","slug":"partecipazione-del-consolato-agli","status":"publish","type":"post","link":"https:\/\/consbelohorizonte.esteri.it\/it\/news\/dal_consolato\/2017\/03\/partecipazione-del-consolato-agli\/","title":{"rendered":"Partecipazione del Consolato agli ultimi eventi della Camera di Commercio"},"content":{"rendered":"<p>Due interessanti incontri a cura della Camera di Commercio Italo-Brasiliana di Minas Gerais hanno animato la comunit\u00e0 imprenditoriale italo-mineira nell&#8217;ultima settimana di marzo.<\/p>\n<p>Il primo si \u00e8 svolto lo scorso 28 marzo presso la FIEMG, dove a margine della Assemblea ordinaria dei Soci \u00e8 stato promosso un dibattito sulle prospettive economiche del Brasile a cura di Gustavo Arruda, economista di BNP Paribas &#8211; BNL, che opera in questo Paese nel campo corporate. Nelle foto, un momento della presentazione di BNL e lo staff della Camera di Commercio al completo: il Presidente Valentino Rizzioli, il VP Esecutivo Raffaele Peano, il Segretario Generale Leonardo Freitas, Fernanda Mendes (amministrazione), Welber Silva (comunicazione) e Nat\u00e1lia Brina (fiere).<\/p>\n<p><img loading=\"lazy\" decoding=\"async\" width=\"563\" height=\"423\" style=\"width: 288px; height: 236px;\" alt=\"palestra bnl\" src=\"resource\/img\/2017\/03\/palestra_bnl.jpg\" \/><img loading=\"lazy\" decoding=\"async\" width=\"561\" height=\"423\" style=\"width: 252px; height: 236px;\" alt=\"per sito\" src=\"resource\/img\/2017\/03\/per_sito.jpg\" \/><\/p>\n<p>Il secondo evento si \u00e9 svolto il 30 marzo presso la Sede della Camera, dove il consiglio direttivo e diversi soci hanno potuto incontrare il Vice Presidente della Caixa Economica, Antonio Carlos Ferreira, con il quale sono stati condivisi idee e progetti a favore degli imprenditori piccoli, medi e grandi che operano in questo Stato. Nelle foto, due momenti dell&#8217;incontro.<\/p>\n<p><img loading=\"lazy\" decoding=\"async\" width=\"479\" height=\"319\" style=\"width: 374px; height: 285px;\" alt=\"per sito caixa cam com\" src=\"resource\/img\/2017\/03\/per_sito_caixa_cam_com.jpg\" \/><img loading=\"lazy\" decoding=\"async\" width=\"401\" height=\"303\" style=\"width: 295px; height: 284px;\" alt=\"per sito 02 caixa cam com\" src=\"resource\/img\/2017\/03\/per_sito_02_caixa_cam_com.jpg\" \/><\/p>\n<p>Ad entrambi gli eventi, ha partecipato la Console Aurora Russi.<\/p>\n<p>\u00a0<\/p>\n","protected":false},"excerpt":{"rendered":"Due interessanti incontri a cura della Camera di Commercio Italo-Brasiliana di Minas Gerais hanno animato la comunit\u00e0 imprenditoriale italo-mineira nell&#8217;ultima settimana di marzo. Il primo si \u00e8 svolto lo scorso 28 marzo presso la FIEMG, dove a margine della Assemblea ordinaria dei Soci \u00e8 stato promosso un dibattito sulle prospettive economiche del Brasile a cura [&hellip;]","protected":false},"author":1,"featured_media":0,"comment_status":"","ping_status":"","sticky":false,"template":"","format":"standard","meta":{"footnotes":""},"tags":[],"class_list":["post-1355","post","type-post","status-publish","format-standard","hentry"],"_links":{"self":[{"href":"https:\/\/consbelohorizonte.esteri.it\/it\/wp-json\/wp\/v2\/posts\/1355","targetHints":{"allow":["GET"]}}],"collection":[{"href":"https:\/\/consbelohorizonte.esteri.it\/it\/wp-json\/wp\/v2\/posts"}],"about":[{"href":"https:\/\/consbelohorizonte.esteri.it\/it\/wp-json\/wp\/v2\/types\/post"}],"author":[{"embeddable":true,"href":"https:\/\/consbelohorizonte.esteri.it\/it\/wp-json\/wp\/v2\/users\/1"}],"replies":[{"embeddable":true,"href":"https:\/\/consbelohorizonte.esteri.it\/it\/wp-json\/wp\/v2\/comments?post=1355"}],"version-history":[{"count":0,"href":"https:\/\/consbelohorizonte.esteri.it\/it\/wp-json\/wp\/v2\/posts\/1355\/revisions"}],"wp:attachment":[{"href":"https:\/\/consbelohorizonte.esteri.it\/it\/wp-json\/wp\/v2\/media?parent=1355"}],"wp:term":[{"taxonomy":"post_tag","embeddable":true,"href":"https:\/\/consbelohorizonte.esteri.it\/it\/wp-json\/wp\/v2\/tags?post=1355"}],"curies":[{"name":"wp","href":"https:\/\/api.w.org\/{rel}","templated":true}]}}