{"id":1338,"date":"2017-05-17T14:04:25","date_gmt":"2017-05-17T12:04:25","guid":{"rendered":"https:\/\/consbelohorizonte.esteri.it\/news\/dal_consolato\/2017\/05\/vii-seminario-da-imigracao-italiana\/"},"modified":"2017-05-17T14:04:25","modified_gmt":"2017-05-17T12:04:25","slug":"vii-seminario-da-imigracao-italiana","status":"publish","type":"post","link":"https:\/\/consbelohorizonte.esteri.it\/it\/news\/dal_consolato\/2017\/05\/vii-seminario-da-imigracao-italiana\/","title":{"rendered":"VII SEMINARIO DELL&#8217;EMIGRAZIONE ITALIANA IN MINAS GERAIS: SONO APERTE LE ISCRIZIONI!"},"content":{"rendered":"<p>Con grande piacere, invitiamo tutti e tutte a partecipare al <strong>VII Seminario dell\u2019Emigrazione Italiana in Minas Gerais<\/strong>, che conter\u00e0 con la partecipazione straordinaria del prof. Emilio Franzina, considerato il maggior ricercatore della storia dell\u2019emigrazione italiana in Brasile ed in America Latina, che terr\u00e0 una conferenza di lancio del suo nuovo libro: \u201cFra due patrie \u2013 la storia dei soldati italo-brasiliani nella Prima Guerra Mondiale\u201d.<\/p>\n<p>L\u2019evento sar\u00e0 aperto al pubblico e sar\u00e0 realizzato sabato 3 giugno, dalle ore 9 alle 17, presso la Casa Fiat de Cultura, Pra\u00e7a da Liberdade,10 &#8211; Funcion\u00e1rios, Belo Horizonte.<\/p>\n<p>Il seminario prevede anche una conferenza a cura del Prof. Pier Francesco de Maria \u2013 Universit\u00e0 di Campinas (UNICAMP). Ricercatore per l\u2019Osservatorio delle Migrazioni di San Paolo, de Maria porter\u00e0 al seminario lo studio inedito sulla \u201cNuova Migrazione Italiana in Brasile: la realt\u00e0 del Censo ed il dato del progetto \u201cNuovi Arrivati\u201d\u201d.<\/p>\n<p>Saranno presenti alcuni discendenti di famiglie italiane di S\u00e3o Jo\u00e3o del Rei, che hanno fondato l\u2019Associazione \u201cColonia Viva\u201d e presenteranno il loro \u201cPercorso Turistico Rurale a S\u00e3o Jo\u00e3o del Rei\u201d, con l\u2019obiettivo di divulgare la cultura e la gastronomia locale.<\/p>\n<p>In chiusura, il ricercatore e genealogista Stanley Savoretti de Souza parler\u00e0 sulla Genealogia come strumento fondamentale nello studio dell\u2019Emigrazione Italiana.<\/p>\n<p>Il seminario, che si terr\u00e0 alla vigilia della grande Festa Italiana di Belo Horizonte, \u00e9 promosso dal COMITES MG (Comitato degli Italiani all\u2019Estero de Minas Gerais), dal CGIE (Consiglio Generale degli Italiani all\u2019Estero), dall\u2019Associazione Ponte entre Culturas e dalla ACIBRA MG (Associa\u00e7\u00e3o de Cultura Italo brasileira de Minas Gerais), con il patrocinio del Consolato d\u2019Italia in Belo Horizonte e l\u2019appoggio della Casa Fiat de Cultura.<\/p>\n<p>Le iscrizioni sono aperte, basta mandare una mail all\u2019indirizzo: <a href=\"mailto:seminarioimigracaoitalianamg@gmail.com\">seminarioimigracaoitalianamg@gmail.com<\/a><\/p>\n<p>Segui tutte le novit\u00e0 relative al Seminario alla pagina Facebook:<\/p>\n<p><a href=\"http:\/\/www.facebook.com\/SeminarioImigracaoItalianaMG\">www.facebook.com\/SeminarioImigracaoItalianaMG<\/a><\/p>\n<p>\u00a0<\/p>\n","protected":false},"excerpt":{"rendered":"Con grande piacere, invitiamo tutti e tutte a partecipare al VII Seminario dell\u2019Emigrazione Italiana in Minas Gerais, che conter\u00e0 con la partecipazione straordinaria del prof. Emilio Franzina, considerato il maggior ricercatore della storia dell\u2019emigrazione italiana in Brasile ed in America Latina, che terr\u00e0 una conferenza di lancio del suo nuovo libro: \u201cFra due patrie \u2013 [&hellip;]","protected":false},"author":1,"featured_media":0,"comment_status":"","ping_status":"","sticky":false,"template":"","format":"standard","meta":{"footnotes":""},"tags":[],"class_list":["post-1338","post","type-post","status-publish","format-standard","hentry"],"_links":{"self":[{"href":"https:\/\/consbelohorizonte.esteri.it\/it\/wp-json\/wp\/v2\/posts\/1338","targetHints":{"allow":["GET"]}}],"collection":[{"href":"https:\/\/consbelohorizonte.esteri.it\/it\/wp-json\/wp\/v2\/posts"}],"about":[{"href":"https:\/\/consbelohorizonte.esteri.it\/it\/wp-json\/wp\/v2\/types\/post"}],"author":[{"embeddable":true,"href":"https:\/\/consbelohorizonte.esteri.it\/it\/wp-json\/wp\/v2\/users\/1"}],"replies":[{"embeddable":true,"href":"https:\/\/consbelohorizonte.esteri.it\/it\/wp-json\/wp\/v2\/comments?post=1338"}],"version-history":[{"count":0,"href":"https:\/\/consbelohorizonte.esteri.it\/it\/wp-json\/wp\/v2\/posts\/1338\/revisions"}],"wp:attachment":[{"href":"https:\/\/consbelohorizonte.esteri.it\/it\/wp-json\/wp\/v2\/media?parent=1338"}],"wp:term":[{"taxonomy":"post_tag","embeddable":true,"href":"https:\/\/consbelohorizonte.esteri.it\/it\/wp-json\/wp\/v2\/tags?post=1338"}],"curies":[{"name":"wp","href":"https:\/\/api.w.org\/{rel}","templated":true}]}}