{"id":1336,"date":"2017-05-19T16:48:48","date_gmt":"2017-05-19T14:48:48","guid":{"rendered":"https:\/\/consbelohorizonte.esteri.it\/news\/dal_consolato\/2017\/05\/elezioni-amministrative-2017-agevolazioni\/"},"modified":"2017-05-19T16:48:48","modified_gmt":"2017-05-19T14:48:48","slug":"elezioni-amministrative-2017-agevolazioni","status":"publish","type":"post","link":"https:\/\/consbelohorizonte.esteri.it\/it\/news\/dal_consolato\/2017\/05\/elezioni-amministrative-2017-agevolazioni\/","title":{"rendered":"Elezioni Amministrative 2017 &#8211; Agevolazioni di viaggio della Societ\u00e0 Trenitalia."},"content":{"rendered":"<p>Per la Nota con la quale la Societ\u00e0 Trenitalia d\u00e0 comunicazione dell&#8217;applicazione delle agevolazioni di viaggio in favore, tra l&#8217;altro, degli elettori italiani residenti all&#8217;estero, in occasione delle elezioni amministrative che si svolgeranno il prossimo 11 giugno, con eventuale ballottaggio il 25 giugno &#8211; <a href=\"resource\/doc\/2017\/05\/trnit_dplh.comm.pccp20170023966_1.pdf\"><strong>clicca qui<\/strong><\/a>.<\/p>\n<p>Per l\u2019elenco dei Comuni interessati dalle prossime consultazioni elettorali amministrative &#8211; <a href=\"resource\/doc\/2017\/05\/elenco_enti_amministrative_2017.pdf\"><strong>clicca qui<\/strong><\/a>.<\/p>\n","protected":false},"excerpt":{"rendered":"Per la Nota con la quale la Societ\u00e0 Trenitalia d\u00e0 comunicazione dell&#8217;applicazione delle agevolazioni di viaggio in favore, tra l&#8217;altro, degli elettori italiani residenti all&#8217;estero, in occasione delle elezioni amministrative che si svolgeranno il prossimo 11 giugno, con eventuale ballottaggio il 25 giugno &#8211; clicca qui. Per l\u2019elenco dei Comuni interessati dalle prossime consultazioni elettorali [&hellip;]","protected":false},"author":1,"featured_media":0,"comment_status":"","ping_status":"","sticky":false,"template":"","format":"standard","meta":{"footnotes":""},"tags":[],"class_list":["post-1336","post","type-post","status-publish","format-standard","hentry"],"_links":{"self":[{"href":"https:\/\/consbelohorizonte.esteri.it\/it\/wp-json\/wp\/v2\/posts\/1336","targetHints":{"allow":["GET"]}}],"collection":[{"href":"https:\/\/consbelohorizonte.esteri.it\/it\/wp-json\/wp\/v2\/posts"}],"about":[{"href":"https:\/\/consbelohorizonte.esteri.it\/it\/wp-json\/wp\/v2\/types\/post"}],"author":[{"embeddable":true,"href":"https:\/\/consbelohorizonte.esteri.it\/it\/wp-json\/wp\/v2\/users\/1"}],"replies":[{"embeddable":true,"href":"https:\/\/consbelohorizonte.esteri.it\/it\/wp-json\/wp\/v2\/comments?post=1336"}],"version-history":[{"count":0,"href":"https:\/\/consbelohorizonte.esteri.it\/it\/wp-json\/wp\/v2\/posts\/1336\/revisions"}],"wp:attachment":[{"href":"https:\/\/consbelohorizonte.esteri.it\/it\/wp-json\/wp\/v2\/media?parent=1336"}],"wp:term":[{"taxonomy":"post_tag","embeddable":true,"href":"https:\/\/consbelohorizonte.esteri.it\/it\/wp-json\/wp\/v2\/tags?post=1336"}],"curies":[{"name":"wp","href":"https:\/\/api.w.org\/{rel}","templated":true}]}}