{"id":1332,"date":"2017-06-07T16:30:49","date_gmt":"2017-06-07T14:30:49","guid":{"rendered":"https:\/\/consbelohorizonte.esteri.it\/news\/dal_consolato\/2017\/06\/festa-della-repubblica-2017-le\/"},"modified":"2017-06-07T16:30:49","modified_gmt":"2017-06-07T14:30:49","slug":"festa-della-repubblica-2017-le","status":"publish","type":"post","link":"https:\/\/consbelohorizonte.esteri.it\/it\/news\/dal_consolato\/2017\/06\/festa-della-repubblica-2017-le\/","title":{"rendered":"FESTA DELLA REPUBBLICA 2017 &#8211; LE CELEBRAZIONI A BH"},"content":{"rendered":"<p>In occasione della Festa Nazionale, il Consolato d\u2019Italia in Belo Horizonte ha coordinato le attivit\u00e0 delle istituzioni e degli organi italiani presenti in Minas Gerais, articolando un calendario di manifestazioni che, dal 3 al 5 giugno scorsi, ha coinvolto tutti gli ambienti sociali, culturali, politici ed economici della citt\u00e0.<\/p>\n<p>Si \u00e8 iniziato infatti il 3 giugno, con la VII edizione del Seminario sull\u2019emigrazione italiana, ideata e realizzata da Comites, CGIE, Associazione Cuturale Ponte Entre Culturas e con\u00a0l\u2019appoggio del portale Italia in Minas Gerais e della Casa Fiat di Cultura, che ha ospitato l\u2019iniziativa. All\u2019evento, durante il quale la Console ha rappresentato l\u2019Ambasciatore e portato i saluti del Direttore Generale della DGIT Luigi Vignali, che ha mandato un messaggio letto ai presenti in apertura, hanno partecipato circa 150 persone, provenienti da Belo Horizonte e da molte altre citt\u00e0 dello Stato. In programma, il lancio della nuova opera del prof. Emilio Franzina, esperto di emigrazione italiana in Brasile, dal titolo \u201cEntre duas Patrias\u201d, scritto in collaborazione con lo storico Anisio Ciscotto Filho, membro del Comites di BH e presidente della ACIBRA, oltre ad un corso di genealogia, alla presentazione del progetto del CGIE\/Comites di San Paolo \u201cNuovi arrivati, realizzato con l\u2019universit\u00e0 di Campinas, ed alla presentazione del circuito agroturistico di S. Jo\u00e3o del Rei Colonia Viva, ideato da discendenti di famiglie italiane.<\/p>\n<p><img loading=\"lazy\" decoding=\"async\" style=\"width: 412px; height: 313px;\" src=\"resource\/img\/2017\/06\/sito_casa_fiat_pubblico_vii_seminario.jpg\" alt=\"sito casa fiat pubblico vii seminario\" width=\"420\" height=\"316\" \/><img loading=\"lazy\" decoding=\"async\" style=\"width: 411px; height: 193px;\" src=\"resource\/img\/2017\/06\/sito_apertura_vii_seminario.jpg\" alt=\"sito apertura vii seminario\" width=\"534\" height=\"299\" \/><\/p>\n<p>\u00a0<\/p>\n<p>Il giorno successivo, 4 giugno, \u00e8 stata la vota della tradizionale festa di strada di Belo Horizonte, a cura della Associazione di Cultura Italo brasiliana di Minas Gerais \u2013 ACIBRA MG, alla quale hanno collaborato quest\u2019anno tutte le istituzioni italiane del Minas Gerais, le associazioni regionali ed i principali circoli italiani, alcuni anche di citt\u00e0 molto distanti dalla capitale (Juiz de Fora, Andradas, S. Jo\u00e3o del Rei). Come sempre, eccellente la partecipazione del pubblico Belo Horizontino, oltre 60.000 persone, con una raccolta di alimenti per beneficenza che ha raggiunto le 20 tonnellate (i destinatari delle donazioni sono associazioni ed ONG di origine italiana, tra cui Opere educative del padre Giussani di Rosetta Brambilla, AVSI, Associazione San Michele Arcangelo di Barbacena del missionario Roberto Bertoli, opere Pavoniane etc). La Festa \u00e8 stata aperta da un momento ufficiale, durante il quale \u00e8 intervenuto il Ministero Consigliere dell\u2019Ambasciata, Filippo La Rosa, oltre alla Console, al Segretario di Cultura Angelo Oswaldo de Araujo Santos in rappresentanza del Governatore ed ai parlamentari italiani Fabio Porta e Fausto Longo.<\/p>\n<p><img loading=\"lazy\" decoding=\"async\" style=\"width: 360px; height: 351px;\" src=\"resource\/img\/2017\/06\/sito_xi_festa_tradizionale.jpg\" alt=\"sito xi festa tradizionale\" width=\"421\" height=\"314\" \/><img loading=\"lazy\" decoding=\"async\" style=\"width: 381px; height: 527px;\" src=\"resource\/img\/2017\/06\/sito_discorso_console_russi_festa_acibra.jpg\" alt=\"sito discorso console russi festa acibra\" width=\"400\" height=\"535\" \/><\/p>\n<p>Alla festa tradizionale ha partecipato anche la rete consolare onoraria dipendente dal Consolato italiano di Belo Horizonte, che li ha riuniti l\u2019indomani, 5 giugno, presso il Consolato, per il consueto incontro annuale di aggiornamento e coordinamento. Erano presenti gli Agenti Consolari onorari Roberto Ranza di Uberl\u00e2ndia, Pietro Ventoso di Juiz de Fora e Graziano Cirina di Po\u00e7os de Caldas, oltre al corrispondente consolare a S. Sebasti\u00e3o do Paraiso, il novantenne Alfredo Albieri.<br \/>Terminata la riunione, la Console ha offerto una degustazione di prodotti italiani, realizzata con la collaborazione di diverse imprese italiane e di origine italiana del settore alimentare presenti in Minas Gerais, in particolare Segafredo, Ferrero, Falke, Bufalina, Granparma di Pouso Alegre e Casa Geraldo di Andradas. Era inoltre presente Gualtiero della pizzeria \u201cItalia em fatias\u201d di Betim, mentre il Vice Presidente della Camera di Commercio, Raffaele Peano, ha offerto ai presenti il Nebbiolo della casa vinicola Battaglio. Erano presenti all\u2019evento tutte le principali istanze della collettivit\u00e0 ed i rappresentanti del Sistema Italia di Minas Geras (Comites, CGIE, Lettrice, Fondazione Torino, Camera, Acibra etc). I tenori Max Barbolini e Claudio Mattioli hanno eseguito l\u2019inno nazionale a cappella per i presenti.<\/p>\n<p><img decoding=\"async\" src=\"resource\/img\/2017\/06\/sito_riunione_rete_consolare_onoraria_bh.jpg\" alt=\"sito riunione rete consolare onoraria bh\" \/><\/p>\n<p>Infine, le commemorazioni per la festa nazionale si sono concluse la sera del 5 giugno con la cerimonia di consegna delle Medaglie \u201cItalia Affari\u201d, riconoscimento istituito dalla Camera di Commercio, destinato a personalit\u00e0 del mondo imprenditoriale italiano e di Minas Gerais che si sono distinte con attivit\u00e0 specifiche a favore della crescita delle relazioni economico commerciali tra Italia e Minas Gerais. I premi 2017 sono stati assegnati al Vice Presidente Esecutivo della Camera di Commercio Raffaele Peano, al Deputato Estadual (e Vice Presidente della Camera di Commercio) Agostinho Patrus Filho ed al Presidente del Sistema FIEMG Olavo Machado Junior.<\/p>\n<p>Alla serata, che il Consolato ha co-organizzato, hanno partecipato infatti circa 300 persone tra autorit\u00e0, imprenditori, stampa e esponenti della societ\u00e0 locale. Si segnala in particolare la presenza del Segretario di Stato alla Cultura Angelo Oswaldo de Araujo Santos in rappresentanza del Governatore Pimentel, del Presidente dell\u2019Assemblea Legislativa del Minas Gerais, Dep. Adalclever Lopes, e del Prefeito di Betim Vittorio Medioli, oltre che del Ministro Consigliere dell\u2019Ambasciata Filippo La Rosa. Quest\u2019ultimo ha chiuso il momento solenne ricordando l\u2019impegno dell\u2019Italia in Brasile e la lunga serie di investimenti italiani che solo negli ultimi mesi sono arrivati in questo Paese: Granarolo, Ternium, Enel e molti altri.<\/p>\n<p>Nel suo discorso, la Console Russi ha invece ringraziato tutte le istituzioni italiane di Minas Gerais per aver realizzato un calendario di eventi cos\u00ec ricco e di successo, ringraziando in special modo la Camera di Commercio per averle permesso di chiudere le celebrazioni della Festa della Repubblica 2017 nel segno di uno dei valori fondanti della nostra Repubblica: il lavoro.<\/p>\n<p><img loading=\"lazy\" decoding=\"async\" style=\"width: 399px; height: 264px;\" src=\"resource\/img\/2017\/06\/sito_olavo_machado_jr_presidente_fiemg.jpg\" alt=\"sito olavo machado jr presidente fiemg\" width=\"471\" height=\"355\" \/><img decoding=\"async\" src=\"resource\/img\/2017\/06\/sito_apertura_ufficiale_russi_rizzioli.jpg\" alt=\"sito apertura ufficiale russi rizzioli\" \/><\/p>\n","protected":false},"excerpt":{"rendered":"In occasione della Festa Nazionale, il Consolato d\u2019Italia in Belo Horizonte ha coordinato le attivit\u00e0 delle istituzioni e degli organi italiani presenti in Minas Gerais, articolando un calendario di manifestazioni che, dal 3 al 5 giugno scorsi, ha coinvolto tutti gli ambienti sociali, culturali, politici ed economici della citt\u00e0. Si \u00e8 iniziato infatti il 3 [&hellip;]","protected":false},"author":1,"featured_media":0,"comment_status":"","ping_status":"","sticky":false,"template":"","format":"standard","meta":{"footnotes":""},"tags":[],"class_list":["post-1332","post","type-post","status-publish","format-standard","hentry"],"_links":{"self":[{"href":"https:\/\/consbelohorizonte.esteri.it\/it\/wp-json\/wp\/v2\/posts\/1332","targetHints":{"allow":["GET"]}}],"collection":[{"href":"https:\/\/consbelohorizonte.esteri.it\/it\/wp-json\/wp\/v2\/posts"}],"about":[{"href":"https:\/\/consbelohorizonte.esteri.it\/it\/wp-json\/wp\/v2\/types\/post"}],"author":[{"embeddable":true,"href":"https:\/\/consbelohorizonte.esteri.it\/it\/wp-json\/wp\/v2\/users\/1"}],"replies":[{"embeddable":true,"href":"https:\/\/consbelohorizonte.esteri.it\/it\/wp-json\/wp\/v2\/comments?post=1332"}],"version-history":[{"count":0,"href":"https:\/\/consbelohorizonte.esteri.it\/it\/wp-json\/wp\/v2\/posts\/1332\/revisions"}],"wp:attachment":[{"href":"https:\/\/consbelohorizonte.esteri.it\/it\/wp-json\/wp\/v2\/media?parent=1332"}],"wp:term":[{"taxonomy":"post_tag","embeddable":true,"href":"https:\/\/consbelohorizonte.esteri.it\/it\/wp-json\/wp\/v2\/tags?post=1332"}],"curies":[{"name":"wp","href":"https:\/\/api.w.org\/{rel}","templated":true}]}}