{"id":1317,"date":"2017-07-20T19:06:31","date_gmt":"2017-07-20T17:06:31","guid":{"rendered":"https:\/\/consbelohorizonte.esteri.it\/news\/dal_consolato\/2017\/07\/variazioni-orario-di-ricevimento\/"},"modified":"2017-07-20T19:06:31","modified_gmt":"2017-07-20T17:06:31","slug":"variazioni-orario-di-ricevimento","status":"publish","type":"post","link":"https:\/\/consbelohorizonte.esteri.it\/it\/news\/dal_consolato\/2017\/07\/variazioni-orario-di-ricevimento\/","title":{"rendered":"VARIAZIONI ORARIO DI RICEVIMENTO SETTORE VISTI"},"content":{"rendered":"<p>Informiamo che il settore visti di questo Consolato ricever\u00e0 il pubblico in via del tutto eccezionale luned\u00ec 24 luglio anzich\u00e9 marted\u00ec 25 luglio 2017 e il gioved\u00ec 10 agosto anzich\u00e9 marted\u00ec 8 agosto; che il servizio sar\u00e0 temporaneamente sospeso il giorno 1 agosto per motivi tecnici e che riprender\u00e0 normalmente a partire dal 9 agosto. Ci scusiamo per eventuali disagi e restiamo a disposizione all\u2019indirizzo e-mail visto.belohorizonte@esteri.it.<\/p>\n","protected":false},"excerpt":{"rendered":"Informiamo che il settore visti di questo Consolato ricever\u00e0 il pubblico in via del tutto eccezionale luned\u00ec 24 luglio anzich\u00e9 marted\u00ec 25 luglio 2017 e il gioved\u00ec 10 agosto anzich\u00e9 marted\u00ec 8 agosto; che il servizio sar\u00e0 temporaneamente sospeso il giorno 1 agosto per motivi tecnici e che riprender\u00e0 normalmente a partire dal 9 agosto. [&hellip;]","protected":false},"author":1,"featured_media":0,"comment_status":"","ping_status":"","sticky":false,"template":"","format":"standard","meta":{"footnotes":""},"tags":[],"class_list":["post-1317","post","type-post","status-publish","format-standard","hentry"],"_links":{"self":[{"href":"https:\/\/consbelohorizonte.esteri.it\/it\/wp-json\/wp\/v2\/posts\/1317","targetHints":{"allow":["GET"]}}],"collection":[{"href":"https:\/\/consbelohorizonte.esteri.it\/it\/wp-json\/wp\/v2\/posts"}],"about":[{"href":"https:\/\/consbelohorizonte.esteri.it\/it\/wp-json\/wp\/v2\/types\/post"}],"author":[{"embeddable":true,"href":"https:\/\/consbelohorizonte.esteri.it\/it\/wp-json\/wp\/v2\/users\/1"}],"replies":[{"embeddable":true,"href":"https:\/\/consbelohorizonte.esteri.it\/it\/wp-json\/wp\/v2\/comments?post=1317"}],"version-history":[{"count":0,"href":"https:\/\/consbelohorizonte.esteri.it\/it\/wp-json\/wp\/v2\/posts\/1317\/revisions"}],"wp:attachment":[{"href":"https:\/\/consbelohorizonte.esteri.it\/it\/wp-json\/wp\/v2\/media?parent=1317"}],"wp:term":[{"taxonomy":"post_tag","embeddable":true,"href":"https:\/\/consbelohorizonte.esteri.it\/it\/wp-json\/wp\/v2\/tags?post=1317"}],"curies":[{"name":"wp","href":"https:\/\/api.w.org\/{rel}","templated":true}]}}