{"id":1306,"date":"2017-07-26T15:36:51","date_gmt":"2017-07-26T13:36:51","guid":{"rendered":"https:\/\/consbelohorizonte.esteri.it\/news\/dal_consolato\/2017\/07\/informativa-ai-connazionali-ed\/"},"modified":"2017-07-26T15:36:51","modified_gmt":"2017-07-26T13:36:51","slug":"informativa-ai-connazionali-ed","status":"publish","type":"post","link":"https:\/\/consbelohorizonte.esteri.it\/it\/news\/dal_consolato\/2017\/07\/informativa-ai-connazionali-ed\/","title":{"rendered":"INFORMATIVA AI CONNAZIONALI ED ALLE CONNAZIONALI SULLA SEDE DEL CONSOLATO D\u2019ITALIA"},"content":{"rendered":"<p>Come anticipato dall\u2019ultimo <a href=\"http:\/\/www.consbelohorizonte.esteri.it\/consolato_belohorizonte\/it\/il_consolato\/il_console\/il-console.html\">messaggio alla collettivit\u00e0 della Console<\/a>, nelle prossime settimane la Sede del Consolato d\u2019Italia in Belo Horizonte verr\u00e0 trasferita in una nuova struttura, situata sempre nel quartiere Savassi, presso Rua Alagoas, a pochi metri dalla Pra\u00e7a da Liberdade, in una zona servita da mezzi pubblici e di facile accesso.<\/p>\n<p>Nei giorni che dedicheremo al trasloco, presumibilmente a met\u00e0 agosto, ci saranno inevitabilmente alcuni momenti straordinari di chiusura al pubblico, ma limiteremo al massimo i disagi e faremo in modo che si tratti di pochissime e limitate circostanze, sulle quali avremo cura di informare il nostro pubblico, attraverso il sito, le reti sociali, la mailing list ed appositi avvisi, con il dovuto anticipo.<br \/>Una volta installati nella nuova Sede, ci saranno alcuni cambiamenti nei giorni di ricevimento per i servizi consolari: continuate a consultare sempre il nostro sito prima di venirci a trovare, per evitare attese del tutto inutili.<\/p>\n<p>Sar\u00e0 nostra cura pubblicare i nuovi orari di ciascun settore non appena possibile. Vi anticipiamo, in ogni caso, nella nostra nuova organizzazione, aumenteremo del 20% i nostri orari di ricevimento. \u00c8 una grande sfida, perch\u00e9, a parit\u00e0 di risorse umane, il tempo che dedichiamo al ricevimento del pubblico viene sottratto al back office e viceversa, ma vi sar\u00e0 da parte nostra il massimo dell\u2019impegno per offrivi dei servizi efficienti ed efficaci.<\/p>\n<p>Siamo sicuri che la nuova Sede vi render\u00e0 molto orgogliosi. A presto con ulteriori aggiornamenti sul trasloco!<\/p>\n<p>Nella foto, la facciata della nuova Sede.<\/p>\n<p><img decoding=\"async\" alt=\"per sito facciata\" src=\"resource\/img\/2017\/07\/per_sito_facciata.jpg\" \/><\/p>\n","protected":false},"excerpt":{"rendered":"Come anticipato dall\u2019ultimo messaggio alla collettivit\u00e0 della Console, nelle prossime settimane la Sede del Consolato d\u2019Italia in Belo Horizonte verr\u00e0 trasferita in una nuova struttura, situata sempre nel quartiere Savassi, presso Rua Alagoas, a pochi metri dalla Pra\u00e7a da Liberdade, in una zona servita da mezzi pubblici e di facile accesso. Nei giorni che dedicheremo [&hellip;]","protected":false},"author":1,"featured_media":0,"comment_status":"","ping_status":"","sticky":false,"template":"","format":"standard","meta":{"footnotes":""},"tags":[],"class_list":["post-1306","post","type-post","status-publish","format-standard","hentry"],"_links":{"self":[{"href":"https:\/\/consbelohorizonte.esteri.it\/it\/wp-json\/wp\/v2\/posts\/1306","targetHints":{"allow":["GET"]}}],"collection":[{"href":"https:\/\/consbelohorizonte.esteri.it\/it\/wp-json\/wp\/v2\/posts"}],"about":[{"href":"https:\/\/consbelohorizonte.esteri.it\/it\/wp-json\/wp\/v2\/types\/post"}],"author":[{"embeddable":true,"href":"https:\/\/consbelohorizonte.esteri.it\/it\/wp-json\/wp\/v2\/users\/1"}],"replies":[{"embeddable":true,"href":"https:\/\/consbelohorizonte.esteri.it\/it\/wp-json\/wp\/v2\/comments?post=1306"}],"version-history":[{"count":0,"href":"https:\/\/consbelohorizonte.esteri.it\/it\/wp-json\/wp\/v2\/posts\/1306\/revisions"}],"wp:attachment":[{"href":"https:\/\/consbelohorizonte.esteri.it\/it\/wp-json\/wp\/v2\/media?parent=1306"}],"wp:term":[{"taxonomy":"post_tag","embeddable":true,"href":"https:\/\/consbelohorizonte.esteri.it\/it\/wp-json\/wp\/v2\/tags?post=1306"}],"curies":[{"name":"wp","href":"https:\/\/api.w.org\/{rel}","templated":true}]}}