{"id":1295,"date":"2017-08-11T17:39:15","date_gmt":"2017-08-11T15:39:15","guid":{"rendered":"https:\/\/consbelohorizonte.esteri.it\/news\/dal_consolato\/2017\/08\/comunicato-del-consolato-nuovi\/"},"modified":"2017-08-11T17:39:15","modified_gmt":"2017-08-11T15:39:15","slug":"comunicato-del-consolato-nuovi","status":"publish","type":"post","link":"https:\/\/consbelohorizonte.esteri.it\/it\/news\/dal_consolato\/2017\/08\/comunicato-del-consolato-nuovi\/","title":{"rendered":"COMUNICATO DEL CONSOLATO &#8212; NUOVI ORARI DI FUNZIONAMENTO"},"content":{"rendered":"<p>Come anticipato, nei prossimi giorni la Sede del Consolato d\u2019Italia a Belo Horizonte cambier\u00e0 indirizzo. La nuova Sede vi aspetta in <strong>Rua Alagoas, 721 \u2013 Savassi.<\/strong><\/p>\n<p>La nuova Sede si trova a 200 metri dalla Piazza della Libert\u00e0 e dalla piazza Diogo de Vasconcelos. La zona \u00e8 servita dalle linee di autobus n. 4111 e 6030. Nelle immediate vicinanze della nuova Sede sono presenti diversi parcheggi a pagamento.<\/p>\n<p>In occasione del trasloco, <strong>la Sede rester\u00e0 chiusa al pubblico dal 18 al 22 agosto compresi.<\/strong> Ci scusiamo sin da ora per eventuali disagi. Salvo imprevisti, torneremo a servire il nostro pubblico da <strong>mercoled\u00ec 23 agosto<\/strong>.<\/p>\n<p><strong>ATTENZIONE:<\/strong> a partire da quella data, entreranno in vigore i <strong>nuovi orari di ricevimento del pubblico<\/strong>, con un aumento del 20% dei nostri orari ed alcuni cambiamenti nei giorni di apertura. In particolare:<\/p>\n<p><strong>Uffici Anagrafe, Stato Civile<\/strong><br \/>Mercoled\u00ec e Gioved\u00ec ore 09.00 \u2013 12.30<\/p>\n<p><strong>Ufficio Passaporti<\/strong><br \/>Luned\u00ec, mercoled\u00ec e gioved\u00ec ore 09.00 \u2013 12.30<\/p>\n<p><strong>Ufficio Cittadinanza<\/strong><br \/>Luned\u00ec, marted\u00ec e venerd\u00ec ore 09.00 \u2013 12.30<\/p>\n<p><strong>Ufficio Visti<\/strong><br \/>Marted\u00ec ore 09.00 \u2013 12.30<\/p>\n<p><strong>Studio<\/strong><br \/>Luned\u00ec e venerd\u00ec ore 09.00 \u2013 12.30<\/p>\n<p><strong>Ufficio Notarile<\/strong><br \/>Su appuntamento diretto con il settore, per e-mail.<\/p>\n<p>Vi preghiamo di prendere nota dei nuovi orari di funzionamento. Gli indirizzi e-mail di ciascun settore restano invariati. Vi invitiamo a mandare un email, per chiarire eventuali dubbi prima di venire in Consolato.<\/p>\n<p>Ringraziamo sin da ora i\/le nostri\/e utenti per la comprensione e l\u2019attenzione.<\/p>\n<p>Belo Horizonte, 11 agosto 2017<\/p>\n","protected":false},"excerpt":{"rendered":"Come anticipato, nei prossimi giorni la Sede del Consolato d\u2019Italia a Belo Horizonte cambier\u00e0 indirizzo. La nuova Sede vi aspetta in Rua Alagoas, 721 \u2013 Savassi. La nuova Sede si trova a 200 metri dalla Piazza della Libert\u00e0 e dalla piazza Diogo de Vasconcelos. La zona \u00e8 servita dalle linee di autobus n. 4111 e [&hellip;]","protected":false},"author":1,"featured_media":0,"comment_status":"","ping_status":"","sticky":false,"template":"","format":"standard","meta":{"footnotes":""},"tags":[],"class_list":["post-1295","post","type-post","status-publish","format-standard","hentry"],"_links":{"self":[{"href":"https:\/\/consbelohorizonte.esteri.it\/it\/wp-json\/wp\/v2\/posts\/1295","targetHints":{"allow":["GET"]}}],"collection":[{"href":"https:\/\/consbelohorizonte.esteri.it\/it\/wp-json\/wp\/v2\/posts"}],"about":[{"href":"https:\/\/consbelohorizonte.esteri.it\/it\/wp-json\/wp\/v2\/types\/post"}],"author":[{"embeddable":true,"href":"https:\/\/consbelohorizonte.esteri.it\/it\/wp-json\/wp\/v2\/users\/1"}],"replies":[{"embeddable":true,"href":"https:\/\/consbelohorizonte.esteri.it\/it\/wp-json\/wp\/v2\/comments?post=1295"}],"version-history":[{"count":0,"href":"https:\/\/consbelohorizonte.esteri.it\/it\/wp-json\/wp\/v2\/posts\/1295\/revisions"}],"wp:attachment":[{"href":"https:\/\/consbelohorizonte.esteri.it\/it\/wp-json\/wp\/v2\/media?parent=1295"}],"wp:term":[{"taxonomy":"post_tag","embeddable":true,"href":"https:\/\/consbelohorizonte.esteri.it\/it\/wp-json\/wp\/v2\/tags?post=1295"}],"curies":[{"name":"wp","href":"https:\/\/api.w.org\/{rel}","templated":true}]}}