{"id":1291,"date":"2017-08-27T00:34:07","date_gmt":"2017-08-26T22:34:07","guid":{"rendered":"https:\/\/consbelohorizonte.esteri.it\/news\/dal_consolato\/2017\/08\/torna-in-brasile-8-festa-del-cinema\/"},"modified":"2017-08-27T00:34:07","modified_gmt":"2017-08-26T22:34:07","slug":"torna-in-brasile-8-festa-del-cinema","status":"publish","type":"post","link":"https:\/\/consbelohorizonte.esteri.it\/it\/news\/dal_consolato\/2017\/08\/torna-in-brasile-8-festa-del-cinema\/","title":{"rendered":"TORNA IN BRASILE &#8220;8 \u00bd FESTA DEL CINEMA ITALIANO&#8221;"},"content":{"rendered":"<p>Anche quest\u2019anno il festival 8 \u00bd Festa del Cinema Italiano porta in Brasile una selezione ambiziosa ed esclusiva di alcuni tra i migliori film del recente panorama italiano. Le proiezioni saranno realizzate dal 31 agosto al 6 settembre presso le sale cinematografiche del circuito Espa\u00e7o Ita\u00fa delle citt\u00e0 di Salvador, Recife, San Paulo, Rio de Janeiro, Curitiba, Brasilia, Belo Horizonte e Porto Alegre.<br \/>Inaugurer\u00e0 il festival il film \u201cIn guerra per amore\u201d, di Pierfrancesco Diliberto Pif, una commedia di amore e mafia ambientata durante la Seconda Guerra mondiale.<br \/>8 \u00bd Festa do Cinema Italiano \u00e8 un evento realizzato in Brasile dall\u2019Associazione Il Sorpasso, in collaborazione con Mottironi Editore e con il patrocinio dell\u2019Ambasciata d\u2019Italia a Brasilia, degli Istituti Italiani di Cultura di San Paolo e Rio de Janeiro, di Cinecitt\u00e0 Luce, del Ministero dei Beni e delle Attivit\u00e0 Culturali e del Turismo (MIBACT Direzione Cinema) e di Anica, grazie anche alla collaborazione della rete dei Consolati Italiani delle citt\u00e0 che ospitano il festival.<br \/>Notizie, programma delle proiezioni, schede dei film e info in: <a href=\"http:\/\/www.festadocinemaitaliano.com.br\">www.festadocinemaitaliano.com.br<\/a>\u00a0o <a href=\"resource\/doc\/2017\/08\/fci17-br-programa-web-final.pdf\">cliccando qui<\/a>.<\/p>\n<p>\u00a0<\/p>\n<p>\u00a0<\/p>\n<p>\u00a0<\/p>\n","protected":false},"excerpt":{"rendered":"Anche quest\u2019anno il festival 8 \u00bd Festa del Cinema Italiano porta in Brasile una selezione ambiziosa ed esclusiva di alcuni tra i migliori film del recente panorama italiano. Le proiezioni saranno realizzate dal 31 agosto al 6 settembre presso le sale cinematografiche del circuito Espa\u00e7o Ita\u00fa delle citt\u00e0 di Salvador, Recife, San Paulo, Rio de [&hellip;]","protected":false},"author":1,"featured_media":0,"comment_status":"","ping_status":"","sticky":false,"template":"","format":"standard","meta":{"footnotes":""},"tags":[],"class_list":["post-1291","post","type-post","status-publish","format-standard","hentry"],"_links":{"self":[{"href":"https:\/\/consbelohorizonte.esteri.it\/it\/wp-json\/wp\/v2\/posts\/1291","targetHints":{"allow":["GET"]}}],"collection":[{"href":"https:\/\/consbelohorizonte.esteri.it\/it\/wp-json\/wp\/v2\/posts"}],"about":[{"href":"https:\/\/consbelohorizonte.esteri.it\/it\/wp-json\/wp\/v2\/types\/post"}],"author":[{"embeddable":true,"href":"https:\/\/consbelohorizonte.esteri.it\/it\/wp-json\/wp\/v2\/users\/1"}],"replies":[{"embeddable":true,"href":"https:\/\/consbelohorizonte.esteri.it\/it\/wp-json\/wp\/v2\/comments?post=1291"}],"version-history":[{"count":0,"href":"https:\/\/consbelohorizonte.esteri.it\/it\/wp-json\/wp\/v2\/posts\/1291\/revisions"}],"wp:attachment":[{"href":"https:\/\/consbelohorizonte.esteri.it\/it\/wp-json\/wp\/v2\/media?parent=1291"}],"wp:term":[{"taxonomy":"post_tag","embeddable":true,"href":"https:\/\/consbelohorizonte.esteri.it\/it\/wp-json\/wp\/v2\/tags?post=1291"}],"curies":[{"name":"wp","href":"https:\/\/api.w.org\/{rel}","templated":true}]}}