{"id":1289,"date":"2017-09-19T17:57:57","date_gmt":"2017-09-19T15:57:57","guid":{"rendered":"https:\/\/consbelohorizonte.esteri.it\/news\/dal_consolato\/2017\/09\/3a-edizione-della-festa-italiana\/"},"modified":"2017-09-19T17:57:57","modified_gmt":"2017-09-19T15:57:57","slug":"3a-edizione-della-festa-italiana","status":"publish","type":"post","link":"https:\/\/consbelohorizonte.esteri.it\/it\/news\/dal_consolato\/2017\/09\/3a-edizione-della-festa-italiana\/","title":{"rendered":"3a edizione della Festa Italiana di Po\u00e7os de Caldas!"},"content":{"rendered":"<p>Si terr\u00e0 dal 22 al 24 settembre la terza edizione della Festa Italia per Sempre, organizzata dall&#8217;Agenzia Consolare Onoraria Italiana di Po\u00e7os de Caldas e dal Circolo Italo-Brasiliano del Sud di Minas Gerais.<\/p>\n<p>La manifestazione si svolger\u00e0 presso la Piazza Jos\u00e9 Affonso Junqueria (dietro al Palace Hotel) e conter\u00e0 con musica e gastronomia italiane.<\/p>\n<p>La Console Aurora Russi sar\u00e0 presente per salutare la collettivit\u00e0 di Po\u00e7os de Caldas.<\/p>\n<p>Vi aspettiamo numerosi! Trovate la programmazione qui:<\/p>\n<p><img decoding=\"async\" src=\"resource\/img\/2017\/09\/festa_italiana_poos.jpg\" alt=\"festa italiana poos\" \/><\/p>\n","protected":false},"excerpt":{"rendered":"Si terr\u00e0 dal 22 al 24 settembre la terza edizione della Festa Italia per Sempre, organizzata dall&#8217;Agenzia Consolare Onoraria Italiana di Po\u00e7os de Caldas e dal Circolo Italo-Brasiliano del Sud di Minas Gerais. La manifestazione si svolger\u00e0 presso la Piazza Jos\u00e9 Affonso Junqueria (dietro al Palace Hotel) e conter\u00e0 con musica e gastronomia italiane. La [&hellip;]","protected":false},"author":1,"featured_media":0,"comment_status":"","ping_status":"","sticky":false,"template":"","format":"standard","meta":{"footnotes":""},"tags":[],"class_list":["post-1289","post","type-post","status-publish","format-standard","hentry"],"_links":{"self":[{"href":"https:\/\/consbelohorizonte.esteri.it\/it\/wp-json\/wp\/v2\/posts\/1289","targetHints":{"allow":["GET"]}}],"collection":[{"href":"https:\/\/consbelohorizonte.esteri.it\/it\/wp-json\/wp\/v2\/posts"}],"about":[{"href":"https:\/\/consbelohorizonte.esteri.it\/it\/wp-json\/wp\/v2\/types\/post"}],"author":[{"embeddable":true,"href":"https:\/\/consbelohorizonte.esteri.it\/it\/wp-json\/wp\/v2\/users\/1"}],"replies":[{"embeddable":true,"href":"https:\/\/consbelohorizonte.esteri.it\/it\/wp-json\/wp\/v2\/comments?post=1289"}],"version-history":[{"count":0,"href":"https:\/\/consbelohorizonte.esteri.it\/it\/wp-json\/wp\/v2\/posts\/1289\/revisions"}],"wp:attachment":[{"href":"https:\/\/consbelohorizonte.esteri.it\/it\/wp-json\/wp\/v2\/media?parent=1289"}],"wp:term":[{"taxonomy":"post_tag","embeddable":true,"href":"https:\/\/consbelohorizonte.esteri.it\/it\/wp-json\/wp\/v2\/tags?post=1289"}],"curies":[{"name":"wp","href":"https:\/\/api.w.org\/{rel}","templated":true}]}}