{"id":1283,"date":"2017-09-26T21:06:11","date_gmt":"2017-09-26T19:06:11","guid":{"rendered":"https:\/\/consbelohorizonte.esteri.it\/news\/dal_consolato\/2017\/09\/visita-della-console-a-pocos-de\/"},"modified":"2017-09-26T21:06:11","modified_gmt":"2017-09-26T19:06:11","slug":"visita-della-console-a-pocos-de","status":"publish","type":"post","link":"https:\/\/consbelohorizonte.esteri.it\/it\/news\/dal_consolato\/2017\/09\/visita-della-console-a-pocos-de\/","title":{"rendered":"Visita della Console a Po\u00e7os de Caldas"},"content":{"rendered":"<p>Nei giorni 22, 23 e 24 settembre si \u00e8 svolta a Po\u00e7os de Caldas la terza edizione della Festa Italiana \u201cItalia per sempre\u201d, a cura dell\u2019Agenzia Consolare Onoraria guidata da Padre Graziano Cirina e dal Circolo Italo Brasiliano del Sud di Minas.<\/p>\n<p>La Console ha partecipato alla festa assieme al Segretario Generale della Camera di Commercio Leonardo Freitas. Con l\u2019occasione del viaggio a Po\u00e7os de Caldas, la Console ha inoltre incontrato il nuovo Sindaco della citt\u00e0 Sergio Azevedo, visitato la fabbrica della Cristais S\u00e3o Marcos del discendente italiano Antonio Carlos Molinari ed incontrato il nuovo direttore dello stabilimento Ferrere Roberto Po.<br \/>Durante la festa, la stessa Console ha ricevuto un omaggio dalla collettivit\u00e0 di Po\u00e7os, assieme al Senatore della Repubblica Italiana Fausto Guilherme Longo.<\/p>\n<p>Infine, il 24 settembre, la Console ed il Senatore Longo si sono recati alla camera ardente dell\u2019ex Sindaco di Po\u00e7os de Caldas ed ex deputato Sebasti\u00e3o Navarro, che era anche membro del circolo italiano del sud di Minas, essendo anche lui di origine italiana. Navarro \u00e8 infatti venuto a mancare proprio nei giorni della festa, ed \u00e8 stato ricordato durante l\u2019evento con un minuto di silenzio.<\/p>\n<p>Nelle foto: la Console a colloquio con il Sindaco; con Padre Graziano Cirina.<\/p>\n<p><img decoding=\"async\" alt=\"incontro prefeito\" src=\"resource\/img\/2017\/09\/incontro_prefeito.jpg\" \/><\/p>\n<p><img decoding=\"async\" alt=\"con padre cirina\" src=\"resource\/img\/2017\/09\/con_padre_cirina.jpg\" \/><\/p>\n","protected":false},"excerpt":{"rendered":"Nei giorni 22, 23 e 24 settembre si \u00e8 svolta a Po\u00e7os de Caldas la terza edizione della Festa Italiana \u201cItalia per sempre\u201d, a cura dell\u2019Agenzia Consolare Onoraria guidata da Padre Graziano Cirina e dal Circolo Italo Brasiliano del Sud di Minas. La Console ha partecipato alla festa assieme al Segretario Generale della Camera di [&hellip;]","protected":false},"author":1,"featured_media":0,"comment_status":"","ping_status":"","sticky":false,"template":"","format":"standard","meta":{"footnotes":""},"tags":[],"class_list":["post-1283","post","type-post","status-publish","format-standard","hentry"],"_links":{"self":[{"href":"https:\/\/consbelohorizonte.esteri.it\/it\/wp-json\/wp\/v2\/posts\/1283","targetHints":{"allow":["GET"]}}],"collection":[{"href":"https:\/\/consbelohorizonte.esteri.it\/it\/wp-json\/wp\/v2\/posts"}],"about":[{"href":"https:\/\/consbelohorizonte.esteri.it\/it\/wp-json\/wp\/v2\/types\/post"}],"author":[{"embeddable":true,"href":"https:\/\/consbelohorizonte.esteri.it\/it\/wp-json\/wp\/v2\/users\/1"}],"replies":[{"embeddable":true,"href":"https:\/\/consbelohorizonte.esteri.it\/it\/wp-json\/wp\/v2\/comments?post=1283"}],"version-history":[{"count":0,"href":"https:\/\/consbelohorizonte.esteri.it\/it\/wp-json\/wp\/v2\/posts\/1283\/revisions"}],"wp:attachment":[{"href":"https:\/\/consbelohorizonte.esteri.it\/it\/wp-json\/wp\/v2\/media?parent=1283"}],"wp:term":[{"taxonomy":"post_tag","embeddable":true,"href":"https:\/\/consbelohorizonte.esteri.it\/it\/wp-json\/wp\/v2\/tags?post=1283"}],"curies":[{"name":"wp","href":"https:\/\/api.w.org\/{rel}","templated":true}]}}