{"id":1277,"date":"2017-10-03T21:28:33","date_gmt":"2017-10-03T19:28:33","guid":{"rendered":"https:\/\/consbelohorizonte.esteri.it\/news\/dal_consolato\/2017\/10\/il-corpo-della-materia-la-materia\/"},"modified":"2017-10-03T21:28:33","modified_gmt":"2017-10-03T19:28:33","slug":"il-corpo-della-materia-la-materia","status":"publish","type":"post","link":"https:\/\/consbelohorizonte.esteri.it\/it\/news\/dal_consolato\/2017\/10\/il-corpo-della-materia-la-materia\/","title":{"rendered":"&#8220;IL CORPO DELLA MATERIA. LA MATERIA DEL CORPO&#8221; &#8212; PAOLO GRASSINO E LUIGI MAINOLFI A CASA FIAT DE CULTURA"},"content":{"rendered":"<p>Gli artisti italiani Paolo Grassino e Luigi Mainolfi arrivano a Casa Fiat di Cultura dal 5 ottobre al 3 dicembre 2017 per presentare la mostra \u201cIl corpo della materia. La materia del corpo\u201d. La mostra d&#8217;arte contemporanea \u00e8 costituita da 25 opere, tra sculture, dipinti, installazioni e video arte, e ispira domande sul presente, ricco di tensioni e paradossi, a partire da esperimenti con la materia e il corpo nel fare arte. \u00c8 la prima volta che Grassino (Torino, Italia, 1967) espone le sue opere in Brasile, mentre Mainolfi (Torino, Italia, 1948), che di Grassino \u00e8 stato il Maestro all&#8217;inizio della carriera, ha partecipato alla Biennale di San Paolo del Brasile nel 1981. In occasione della mostra presso la Casa Fiat di Cultura, entrambi ha progettato un lavoro inedito: Mainolfi espone il gruppo di sculture \u201cTerre nuove\u201d, mentre Grassino presenta l&#8217;installazione \u201cPer sedurre gli insetti\u201d. Il curatore \u00e8 il critico d&#8217;arte Alessandro Demma ed il progetto espositivo \u00e8 a cura dell&#8217;architetto Edoardo Fontana. L&#8217;ingresso e la programmazione didattica sono gratuiti.<\/p>\n<p>La scelta del materiale da parte degli artisti \u00e8 fondamentale per la costruzione concettuale del processo creativo. La materia porta significati che si sublimano nel momento in cui si trasformano in corpi artistici. Le opere di Paolo Grassino sono realizzate con materiali contemporanei &#8211; schiuma sintetica, resina, alluminio, tubo corrugato, cavi elettrici e lampade &#8211; mentre le opere di Luigi Mainolfi sono realizzate con materiali pi\u00f9 tradizionali &#8211; come terracotta, bronzo e acciaio. Tuttavia &#8220;le loro creazioni dialogano e sono portatrici della stessa essenza, che \u00e8 il rapporto tra materia, corpo e arte: \u00e8 la storia di come i materiali semplici possono essere modellati e trasformati in oggetti che permettono una riflessione sul mondo, la natura e l&#8217;umanit\u00e0; la frequente rappresentazione del corpo in questi oggetti \u00e8 un modo di capire se stessi e la societ\u00e0 attuale &#8220;, sottolinea il curatore Alessandro Demma.<\/p>\n<p>Secondo Demma, portare la mostra \u201cIl corpo della materia. La materia del corpo\u201d a Belo Horizonte significa presentare al pubblico due esponenti dell&#8217;arte italiana contemporanea di diverse generazioni, raccontando come sta evolvendo la produzione artistica contemporanea in Italia.<\/p>\n<p>Il presidente della Fiat Casa di Cultura, Jos\u00e9 Eduardo de Lima Pereira, sostiene che essere una porta d\u2019accesso alla cultura italiana \u00e8 una delle vocazioni dell&#8217;istituzione sin dalla sua nascita. Vocazione che viene premiata accogliendo, nelle sue gallerie, Luigi Mainolfi e Paolo Grassino. &#8220;Dal 2006, abbiamo il privilegio di presentare al pubblico capolavori italiani di tutte le epoche, dall&#8217;arte classica degli antichi romani, attraverso il Medioevo, il Rinascimento, Barocco e Rococ\u00f2, al Futurismo. L&#8217;arte non si ferma nel tempo, continua e si trasforma, come tutto nella vita. Questa mostra presenta due artisti della contemporaneit\u00e0 italiana, che incarnano bene lo spirito di questa trasformazione permanente &#8220;, sottolinea.<\/p>\n<p>La mostra \u201cIl Corpo della Materia. La materia del corpo\u201d \u00e8 organizzata dal Ministero della Cultura, attraverso la Legge federale di Incentivo alla Cultura, da Casa Fiat Cultura e dal Consolato d&#8217;Italia in Minas Gerais, con il patrocinio di Fiat Chrysler Automobiles (FCA), CNH industriale Capital, Fidis Bank, Fiat Chrysler Finance, New Holland Construction, Safra Bank e Green Urbanism. La mostra ha il supporto istituzionale della Scuola Internazionale Fondazione Torino, dell&#8217;Ambasciata d&#8217;Italia a Brasilia, del Circuito Cultural Pra\u00e7a da Liberdade, dell\u2019Istituto Statale del Patrimonio Storico (IEPHA), del Governo di Minas Gerais e del Governo federale. Ha anche il sostegno di: Banco Bonsucesso, MRV Engenharia, Ethros Ingegneria, Seris, Recycla BR, Piraferro, Tonin, Gruppo Aethra, Denso e Teksid.<\/p>\n","protected":false},"excerpt":{"rendered":"Gli artisti italiani Paolo Grassino e Luigi Mainolfi arrivano a Casa Fiat di Cultura dal 5 ottobre al 3 dicembre 2017 per presentare la mostra \u201cIl corpo della materia. La materia del corpo\u201d. La mostra d&#8217;arte contemporanea \u00e8 costituita da 25 opere, tra sculture, dipinti, installazioni e video arte, e ispira domande sul presente, ricco [&hellip;]","protected":false},"author":1,"featured_media":0,"comment_status":"","ping_status":"","sticky":false,"template":"","format":"standard","meta":{"footnotes":""},"tags":[],"class_list":["post-1277","post","type-post","status-publish","format-standard","hentry"],"_links":{"self":[{"href":"https:\/\/consbelohorizonte.esteri.it\/it\/wp-json\/wp\/v2\/posts\/1277","targetHints":{"allow":["GET"]}}],"collection":[{"href":"https:\/\/consbelohorizonte.esteri.it\/it\/wp-json\/wp\/v2\/posts"}],"about":[{"href":"https:\/\/consbelohorizonte.esteri.it\/it\/wp-json\/wp\/v2\/types\/post"}],"author":[{"embeddable":true,"href":"https:\/\/consbelohorizonte.esteri.it\/it\/wp-json\/wp\/v2\/users\/1"}],"replies":[{"embeddable":true,"href":"https:\/\/consbelohorizonte.esteri.it\/it\/wp-json\/wp\/v2\/comments?post=1277"}],"version-history":[{"count":0,"href":"https:\/\/consbelohorizonte.esteri.it\/it\/wp-json\/wp\/v2\/posts\/1277\/revisions"}],"wp:attachment":[{"href":"https:\/\/consbelohorizonte.esteri.it\/it\/wp-json\/wp\/v2\/media?parent=1277"}],"wp:term":[{"taxonomy":"post_tag","embeddable":true,"href":"https:\/\/consbelohorizonte.esteri.it\/it\/wp-json\/wp\/v2\/tags?post=1277"}],"curies":[{"name":"wp","href":"https:\/\/api.w.org\/{rel}","templated":true}]}}