{"id":1269,"date":"2017-10-13T18:16:47","date_gmt":"2017-10-13T16:16:47","guid":{"rendered":"https:\/\/consbelohorizonte.esteri.it\/news\/dal_consolato\/2017\/10\/ii-notte-italiana-a-montes-claros\/"},"modified":"2017-10-13T18:16:47","modified_gmt":"2017-10-13T16:16:47","slug":"ii-notte-italiana-a-montes-claros","status":"publish","type":"post","link":"https:\/\/consbelohorizonte.esteri.it\/it\/news\/dal_consolato\/2017\/10\/ii-notte-italiana-a-montes-claros\/","title":{"rendered":"II NOTTE ITALIANA A MONTES CLAROS E VISITA DELLA CONSOLE"},"content":{"rendered":"<p>Si svolger\u00e0 il 20 e 21 ottobre prossimi la visita a Montes Claros della Console Aurora Russi. Si tratta della prima volta della Console nel Nord di Minas Gerais ed in assoluto della prima visita di un rappresentante del Governo Italiano a Montes Claros negli ultimi venti anni.<\/p>\n<p>Dal 2016, proprio su indicazione della Console, \u00e8 stato istituito un corrispondente consolare per la Regione, individuato nella persona dell\u2019imprenditore Andrea Carpentieri, salernitano, residente a Montes Claros da diversi anni. Proprio grazie alla presenza ed al lavoro di Carpentieri a Montes Claros, il Consolato realizzer\u00e0 una visita molto articolata, volta ad approfondire i legami con il Nord di Minas Gerais e la sua capitale.<\/p>\n<p>La Console, che sar\u00e0 accompagnata dal Vice Presidente Esecutivo della Camera di Commercio Italo-brasiliana di Minas Gerais Raffaele Peano, incontrer\u00e0 infatti il Sindaco della citt\u00e0, si riunir\u00e0 con associazioni ed entit\u00e0 commerciali locali e parteciper\u00e0 alla seconda edizione della Notte Italiana, il cui ricavato, anche quest\u2019anno verr\u00e0 devoluto interamente all\u2019orfanotrofio del quartiere Todos Os Santos.<\/p>\n","protected":false},"excerpt":{"rendered":"Si svolger\u00e0 il 20 e 21 ottobre prossimi la visita a Montes Claros della Console Aurora Russi. Si tratta della prima volta della Console nel Nord di Minas Gerais ed in assoluto della prima visita di un rappresentante del Governo Italiano a Montes Claros negli ultimi venti anni. Dal 2016, proprio su indicazione della Console, [&hellip;]","protected":false},"author":1,"featured_media":0,"comment_status":"","ping_status":"","sticky":false,"template":"","format":"standard","meta":{"footnotes":""},"tags":[],"class_list":["post-1269","post","type-post","status-publish","format-standard","hentry"],"_links":{"self":[{"href":"https:\/\/consbelohorizonte.esteri.it\/it\/wp-json\/wp\/v2\/posts\/1269","targetHints":{"allow":["GET"]}}],"collection":[{"href":"https:\/\/consbelohorizonte.esteri.it\/it\/wp-json\/wp\/v2\/posts"}],"about":[{"href":"https:\/\/consbelohorizonte.esteri.it\/it\/wp-json\/wp\/v2\/types\/post"}],"author":[{"embeddable":true,"href":"https:\/\/consbelohorizonte.esteri.it\/it\/wp-json\/wp\/v2\/users\/1"}],"replies":[{"embeddable":true,"href":"https:\/\/consbelohorizonte.esteri.it\/it\/wp-json\/wp\/v2\/comments?post=1269"}],"version-history":[{"count":0,"href":"https:\/\/consbelohorizonte.esteri.it\/it\/wp-json\/wp\/v2\/posts\/1269\/revisions"}],"wp:attachment":[{"href":"https:\/\/consbelohorizonte.esteri.it\/it\/wp-json\/wp\/v2\/media?parent=1269"}],"wp:term":[{"taxonomy":"post_tag","embeddable":true,"href":"https:\/\/consbelohorizonte.esteri.it\/it\/wp-json\/wp\/v2\/tags?post=1269"}],"curies":[{"name":"wp","href":"https:\/\/api.w.org\/{rel}","templated":true}]}}