{"id":1256,"date":"2017-11-01T14:57:37","date_gmt":"2017-11-01T13:57:37","guid":{"rendered":"https:\/\/consbelohorizonte.esteri.it\/news\/dal_consolato\/2017\/11\/visita-della-console-a-montes-claros\/"},"modified":"2017-11-01T14:57:37","modified_gmt":"2017-11-01T13:57:37","slug":"visita-della-console-a-montes-claros","status":"publish","type":"post","link":"https:\/\/consbelohorizonte.esteri.it\/it\/news\/dal_consolato\/2017\/11\/visita-della-console-a-montes-claros\/","title":{"rendered":"VISITA DELLA CONSOLE A MONTES CLAROS (20-21 ottobre 2017)"},"content":{"rendered":"<p>Accompagnata dal Vice Presidente della Camera di Commercio Raffaele Peano, la Console Russi ha visitato Montes Claros, dove risiede il corrispondente consolare Andrea Carpentieri, nominato dal Consolato lo scorso anno, prima volta di un rappresentante consolare onorario italiano nel Nord di Minas Gerais.<br \/>Nel programma della visita, incontri alla Universit\u00e0 Statale Unimontes ed alla privata Pit\u00e1goras, dove \u00e8 emersa chiaramente la vocazione universitaria della citt\u00e0, che gi\u00e0 \u00e8 considerata un polo di eccellenza in settori come l\u2019ingegneria e la medicina, ed all\u2019ospedale della Santa Casa, polo di riferimento per una regione cui afferiscono oltre due milioni di persone, in un raggio di pi\u00f9 di 300 km.<br \/>La Scuola tecnica statale invece \u00e8 un polo di ricerca ingegneristica che offre programmi di formazione personalizzati per le imprese (e di cui ad esempio l\u2019imprenditore Ricardo Vicintin ha gi\u00e0 usufruito in passato per la formazione del suo personale nella Sede di Bocaiuva, altro importante centro del Nord di Minas Gerais).<br \/>Oltre ad un tessuto formativo e infrastrutturale di buon livello, Montes Claros pu\u00f2 offrire ad eventuali imprese italiane interessate diversi incentivi derivanti dall\u2019appartenenza ad un\u2019area geograficamente e storicamente difficile, come il Prefeito della citt\u00e0 Humberto Guimaraes Souto ha illustrato alla Console. Molto produttivo anche l\u2019incontro con la AMAMS, associazione dei municipi della area di Minas Gerais della SUDENE (SUPERINTENDENCIA DO DESENVOLVIMENTO DO NORDESTE), che la Camera ha invitato a Belo Horizonte affinch\u00e9 possano presentarsi alla comunit\u00e0 imprenditoriale italiana della citt\u00e0.<br \/>Massiccia affluenza, infine, alla II edizione della \u201cNotte italiana\u201d, che Carpentieri ha organizzato a favore dell\u2019orfanotrofio del quartiere di Todos os Santos.<br \/>Durante la visita, la Console ha anche effettuato la rilevazione delle impronte digitali per il rinnovo del passaporto di 5 connazionali della regione. Un gesto che \u00e8 stato molto apprezzato e che dimostra ancora un volta la validit\u00e0 dell\u2019esercizio del funzionario itinerante.<\/p>\n<p>\u00a0<\/p>\n<p>Nella foto, la Console con il Prefeito di Montes Claros Humberto Souto.<\/p>\n<p><img decoding=\"async\" alt=\"montes claros prefeito humberto souto e a cnsul italiana aurora russi 20 10 17 foto fbio maral \" src=\"resource\/img\/2017\/11\/montes_claros-_prefeito_humberto_souto_e_a_cnsul_italiana_aurora_russi-______20_10_17_foto_fbio_maral___.jpg\" \/><\/p>\n","protected":false},"excerpt":{"rendered":"Accompagnata dal Vice Presidente della Camera di Commercio Raffaele Peano, la Console Russi ha visitato Montes Claros, dove risiede il corrispondente consolare Andrea Carpentieri, nominato dal Consolato lo scorso anno, prima volta di un rappresentante consolare onorario italiano nel Nord di Minas Gerais.Nel programma della visita, incontri alla Universit\u00e0 Statale Unimontes ed alla privata Pit\u00e1goras, [&hellip;]","protected":false},"author":1,"featured_media":0,"comment_status":"","ping_status":"","sticky":false,"template":"","format":"standard","meta":{"footnotes":""},"tags":[],"class_list":["post-1256","post","type-post","status-publish","format-standard","hentry"],"_links":{"self":[{"href":"https:\/\/consbelohorizonte.esteri.it\/it\/wp-json\/wp\/v2\/posts\/1256","targetHints":{"allow":["GET"]}}],"collection":[{"href":"https:\/\/consbelohorizonte.esteri.it\/it\/wp-json\/wp\/v2\/posts"}],"about":[{"href":"https:\/\/consbelohorizonte.esteri.it\/it\/wp-json\/wp\/v2\/types\/post"}],"author":[{"embeddable":true,"href":"https:\/\/consbelohorizonte.esteri.it\/it\/wp-json\/wp\/v2\/users\/1"}],"replies":[{"embeddable":true,"href":"https:\/\/consbelohorizonte.esteri.it\/it\/wp-json\/wp\/v2\/comments?post=1256"}],"version-history":[{"count":0,"href":"https:\/\/consbelohorizonte.esteri.it\/it\/wp-json\/wp\/v2\/posts\/1256\/revisions"}],"wp:attachment":[{"href":"https:\/\/consbelohorizonte.esteri.it\/it\/wp-json\/wp\/v2\/media?parent=1256"}],"wp:term":[{"taxonomy":"post_tag","embeddable":true,"href":"https:\/\/consbelohorizonte.esteri.it\/it\/wp-json\/wp\/v2\/tags?post=1256"}],"curies":[{"name":"wp","href":"https:\/\/api.w.org\/{rel}","templated":true}]}}