{"id":1247,"date":"2017-11-02T16:47:50","date_gmt":"2017-11-02T15:47:50","guid":{"rendered":"https:\/\/consbelohorizonte.esteri.it\/news\/dal_consolato\/2017\/11\/ordine-della-stella-d-italia-insigniti\/"},"modified":"2017-11-02T16:47:50","modified_gmt":"2017-11-02T15:47:50","slug":"ordine-della-stella-d-italia-insigniti","status":"publish","type":"post","link":"https:\/\/consbelohorizonte.esteri.it\/it\/news\/dal_consolato\/2017\/11\/ordine-della-stella-d-italia-insigniti\/","title":{"rendered":"Ordine della Stella D\u2019Italia: Insigniti Leo Portela e Laura Medioli"},"content":{"rendered":"<p>Negli scorsi giorni la Console ha riunito diversi esponenti della collettivit\u00e0 italiana per le cerimonie di consegna del titolo di cavaliere dell\u2019ordine della stella d\u2019Italia a Leo Portela, deputato dello Stato di Minas Gerais, ed a Laura Medioli, direttrice generale del quotidiano O Tempo.<\/p>\n<p>Ecco le rispettive motivazioni, approvate dal Presidente della Repubblica Sergio Mattarella e controfirmate dal ministro degli Esteri Angelino Alfano.<\/p>\n<p><strong>LEO PORTELA<\/strong><\/p>\n<p>Dei politici di origine italiana di Minas Gerais, Portela \u00e8 quello che mantiene pi\u00f9 forte il vincolo con l\u2019Italia. Conosce perfettamente il nostro Paese e la nostra lingua e partecipa a tutte le attivit\u00e0 della collettivit\u00e0 italiana, dando un contributo decisivo alla diffusione della nostra cultura in Minas Gerais. La giovane et\u00e0 va infatti di pari passo con una grandissima esperienza politica ed una capacit\u00e0 non comune di fare rete, doti che non esita a mettere a disposizione della collettivit\u00e0 italiana in tutte le sue espressioni: un esempio su tutti, la tradizionale Festa Italiana di Belo Horizonte, della quale Portela si \u00e8 speso reso portavoce e garante presso le Autorit\u00e0 Locali. Portela ha inoltre collaborato con il Consolato per assistere i principali investimenti italiani in Minas Gerais, offrendo un supporto istituzionale concreto e fattivo, ed ha creato un canale diretto tra Istituzioni Italiane, Governo dello Stato ed Assemblea Legislativa di Minas Gerais. Per la rilevanza della propria attivit\u00e0, l\u2019autorevolezza della persona e la capacit\u00e0 di mettere al servizio dell\u2019Italia il proprio capitale politico ed umano, si ritiene Leo Portela meritevole del titolo di Cavaliere.<\/p>\n<p><strong>LAURA MEDIOLI<\/strong><\/p>\n<p>Figura schiva e silenziosa, ma autorevole e carismatica, Laura Medioli \u00e8 un solido riferimento per la societ\u00e0 di Minas Gerais, che ha eletto i giornali della casa editrice Sempre, da lei impeccabilmente diretta, come i migliori dello Stato. Con un occhio sempre attento al sociale, alla filantropia ed alla comunit\u00e0, Laura Medioli ha affiancato alla propria attivit\u00e0 di giornalista, editrice e scrittrice un appoggio costante, discreto ed efficace alla collettivit\u00e0 italiana di Belo Horizonte, collaborando in maniera disinteressata con le istituzioni italiane dello Stato nella divulgazione delle pi\u00f9 diverse iniziative: dalle elezioni Comites, alle Feste Tradizionali Italiane, passando per conferenze, rassegne cinematografiche, concerti ed ogni altro evento di promozione del Sistema Italia. Senza mai perdere indipendenza ed obiettivit\u00e0, O Tempo svolge dunque, grazie a Laura, la fondamentale funzione di mantenere viva, nella coscienza degli abitanti del Minas Gerais, l\u2019importanza delle proprie origini italiane. In riconoscimento dei servizi resi alla collettivit\u00e0 italiana per il mantenimento della nostra cultura e delle nostre tradizioni, si propone Laura Medioli per il titolo di Cavaliere.<\/p>\n","protected":false},"excerpt":{"rendered":"Negli scorsi giorni la Console ha riunito diversi esponenti della collettivit\u00e0 italiana per le cerimonie di consegna del titolo di cavaliere dell\u2019ordine della stella d\u2019Italia a Leo Portela, deputato dello Stato di Minas Gerais, ed a Laura Medioli, direttrice generale del quotidiano O Tempo. Ecco le rispettive motivazioni, approvate dal Presidente della Repubblica Sergio Mattarella [&hellip;]","protected":false},"author":1,"featured_media":0,"comment_status":"","ping_status":"","sticky":false,"template":"","format":"standard","meta":{"footnotes":""},"tags":[],"class_list":["post-1247","post","type-post","status-publish","format-standard","hentry"],"_links":{"self":[{"href":"https:\/\/consbelohorizonte.esteri.it\/it\/wp-json\/wp\/v2\/posts\/1247","targetHints":{"allow":["GET"]}}],"collection":[{"href":"https:\/\/consbelohorizonte.esteri.it\/it\/wp-json\/wp\/v2\/posts"}],"about":[{"href":"https:\/\/consbelohorizonte.esteri.it\/it\/wp-json\/wp\/v2\/types\/post"}],"author":[{"embeddable":true,"href":"https:\/\/consbelohorizonte.esteri.it\/it\/wp-json\/wp\/v2\/users\/1"}],"replies":[{"embeddable":true,"href":"https:\/\/consbelohorizonte.esteri.it\/it\/wp-json\/wp\/v2\/comments?post=1247"}],"version-history":[{"count":0,"href":"https:\/\/consbelohorizonte.esteri.it\/it\/wp-json\/wp\/v2\/posts\/1247\/revisions"}],"wp:attachment":[{"href":"https:\/\/consbelohorizonte.esteri.it\/it\/wp-json\/wp\/v2\/media?parent=1247"}],"wp:term":[{"taxonomy":"post_tag","embeddable":true,"href":"https:\/\/consbelohorizonte.esteri.it\/it\/wp-json\/wp\/v2\/tags?post=1247"}],"curies":[{"name":"wp","href":"https:\/\/api.w.org\/{rel}","templated":true}]}}