{"id":1177,"date":"2018-02-01T18:59:56","date_gmt":"2018-02-01T17:59:56","guid":{"rendered":"https:\/\/consbelohorizonte.esteri.it\/news\/dal_consolato\/2018\/02\/visita-a-pocos-de-caldas-e-missione\/"},"modified":"2018-02-01T18:59:56","modified_gmt":"2018-02-01T17:59:56","slug":"visita-a-pocos-de-caldas-e-missione","status":"publish","type":"post","link":"https:\/\/consbelohorizonte.esteri.it\/it\/news\/dal_consolato\/2018\/02\/visita-a-pocos-de-caldas-e-missione\/","title":{"rendered":"Visita a Po\u00e7os de Caldas e Missione Passaporti \u2013 Funzionario Itinerante"},"content":{"rendered":"<p>La seconda missione passaporti a Po\u00e7os de Caldas, organizzata dal consolato in l 25 e 26 gennaio in collaborazione con l\u2019Agenzia Consolare Onoraria della citt\u00e0, ha riscosso ancora una volta grandissimo successo. In tre sessioni di ricevimento, il funzionario del settore passaporto Marco Talento, coadiuvato dall\u2019agente consolare onorario Padre Graziano e dai volontari del Circolo Italiano di Po\u00e7os, ha ricevuto 139 persone, che nelle prossime settimane riceveranno il proprio passaporto direttamente a casa per posta. Un bellissimo risultato, che conferma al consolato l\u2019utilit\u00e0 di queste missioni, pensate per agevolare i connazionali e le connazionali pi\u00f9 lontani da Belo Horizonte o con oggettive difficolt\u00e0 di spostamento fino alla capitale.<\/p>\n<p>In occasione della presenza del Consolato a Po\u00e7os de Caldas, il 25 gennaio, in serata, il Circolo Italiano ha riunito 300 persone della collettivit\u00e0 italiana nella Sala Azzurra del Grand Hotel per assistere ad un concerto dell\u2019orchestra di archi del conservatorio della citt\u00e0, dedicato alla Console ed al personale del Consolato. Lo spettacolo, diretto dal Maestro Rafael Sisti, ha proposto al numeroso pubblico musiche italiane di tutti i tempi.<\/p>\n<p>\u00a0<\/p>\n<p><img decoding=\"async\" alt=\"miss ppt pubblico\" src=\"resource\/img\/2018\/02\/miss_ppt_pubblico.jpg\" \/><\/p>\n<p><img decoding=\"async\" alt=\"pubblico concerto per sito\" src=\"resource\/img\/2018\/02\/pubblico_concerto_per_sito.jpg\" \/><\/p>\n<p>\u00a0<\/p>\n<p>\u00a0<\/p>\n","protected":false},"excerpt":{"rendered":"La seconda missione passaporti a Po\u00e7os de Caldas, organizzata dal consolato in l 25 e 26 gennaio in collaborazione con l\u2019Agenzia Consolare Onoraria della citt\u00e0, ha riscosso ancora una volta grandissimo successo. In tre sessioni di ricevimento, il funzionario del settore passaporto Marco Talento, coadiuvato dall\u2019agente consolare onorario Padre Graziano e dai volontari del Circolo [&hellip;]","protected":false},"author":1,"featured_media":0,"comment_status":"","ping_status":"","sticky":false,"template":"","format":"standard","meta":{"footnotes":""},"tags":[],"class_list":["post-1177","post","type-post","status-publish","format-standard","hentry"],"_links":{"self":[{"href":"https:\/\/consbelohorizonte.esteri.it\/it\/wp-json\/wp\/v2\/posts\/1177","targetHints":{"allow":["GET"]}}],"collection":[{"href":"https:\/\/consbelohorizonte.esteri.it\/it\/wp-json\/wp\/v2\/posts"}],"about":[{"href":"https:\/\/consbelohorizonte.esteri.it\/it\/wp-json\/wp\/v2\/types\/post"}],"author":[{"embeddable":true,"href":"https:\/\/consbelohorizonte.esteri.it\/it\/wp-json\/wp\/v2\/users\/1"}],"replies":[{"embeddable":true,"href":"https:\/\/consbelohorizonte.esteri.it\/it\/wp-json\/wp\/v2\/comments?post=1177"}],"version-history":[{"count":0,"href":"https:\/\/consbelohorizonte.esteri.it\/it\/wp-json\/wp\/v2\/posts\/1177\/revisions"}],"wp:attachment":[{"href":"https:\/\/consbelohorizonte.esteri.it\/it\/wp-json\/wp\/v2\/media?parent=1177"}],"wp:term":[{"taxonomy":"post_tag","embeddable":true,"href":"https:\/\/consbelohorizonte.esteri.it\/it\/wp-json\/wp\/v2\/tags?post=1177"}],"curies":[{"name":"wp","href":"https:\/\/api.w.org\/{rel}","templated":true}]}}