{"id":1163,"date":"2018-03-12T16:56:33","date_gmt":"2018-03-12T15:56:33","guid":{"rendered":"https:\/\/consbelohorizonte.esteri.it\/news\/dal_consolato\/2018\/03\/giornata-del-design-italiano-nel\/"},"modified":"2018-03-12T16:56:33","modified_gmt":"2018-03-12T15:56:33","slug":"giornata-del-design-italiano-nel","status":"publish","type":"post","link":"https:\/\/consbelohorizonte.esteri.it\/it\/news\/dal_consolato\/2018\/03\/giornata-del-design-italiano-nel\/","title":{"rendered":"Giornata del Design Italiano nel Mondo: Roadshow in Brasile con lo IED \u2013 Istituto Europeo di Design. Tappa a Belo Horizonte il 3 aprile!"},"content":{"rendered":"<p>Nel 2018, le Ambasciate ed i Consolati italiani nel mondo commemoreranno la seconda edizione della \u201cGiornata del Design Italiano nel Mondo, iniziativa del Ministero degli Affari Esteri italiano per portare il nostro design on 100 citt\u00e0 in tutto il mondo. La programmazione degli eventi in Brasile \u00e8 coordinata dallo IED (Istituto Europeo di Design) di Rio de Janeiro e prevede un roadshow di eventi nelle principali capitali: Rio de Janeiro, S\u00e3o Paulo, Curitiba, Belo Horizonte, Porto Alegre, Recife e Bras\u00edlia. Si \u00e8 iniziato il 1 marzo a Rio de Janeiro e si finir\u00e0 il giorno 4 aprile presso l\u2019Ambasciata d\u2019Italia in Brasilia.<\/p>\n<p>Il tema principale della Giornata del Design \u00e8 la sostenibilit\u00e0, con un accenno particolare a casi di successo di design sostenibile. L\u2019evento vuole sottolineare il ruolo del Made in Italy e la sua funzione di \u201cAmbasciatore\u201d della cultura materiale ed immateriale italiana nel mondo. A Belo Horizonte, l\u2019evento sar\u00e0 realizzato il 3 aprile prossimo, alla presenza della Console Aurora Russi ed in collaborazione con il SEBRAE: si tratta di una conferenza del professor Fabiano Pereira dello IED.<\/p>\n<p>A Brasilia, l\u2019indomani, il roadshow verr\u00e0 chiuso dall\u2019Ambasciatore Antonio Bernardini con le conferenze del Direttore dello IED Fabio Palma e della designer e architetta Ayara Mendo, coordinatrice del master professionale dello IED.<\/p>\n","protected":false},"excerpt":{"rendered":"Nel 2018, le Ambasciate ed i Consolati italiani nel mondo commemoreranno la seconda edizione della \u201cGiornata del Design Italiano nel Mondo, iniziativa del Ministero degli Affari Esteri italiano per portare il nostro design on 100 citt\u00e0 in tutto il mondo. La programmazione degli eventi in Brasile \u00e8 coordinata dallo IED (Istituto Europeo di Design) di [&hellip;]","protected":false},"author":1,"featured_media":0,"comment_status":"","ping_status":"","sticky":false,"template":"","format":"standard","meta":{"footnotes":""},"tags":[],"class_list":["post-1163","post","type-post","status-publish","format-standard","hentry"],"_links":{"self":[{"href":"https:\/\/consbelohorizonte.esteri.it\/it\/wp-json\/wp\/v2\/posts\/1163","targetHints":{"allow":["GET"]}}],"collection":[{"href":"https:\/\/consbelohorizonte.esteri.it\/it\/wp-json\/wp\/v2\/posts"}],"about":[{"href":"https:\/\/consbelohorizonte.esteri.it\/it\/wp-json\/wp\/v2\/types\/post"}],"author":[{"embeddable":true,"href":"https:\/\/consbelohorizonte.esteri.it\/it\/wp-json\/wp\/v2\/users\/1"}],"replies":[{"embeddable":true,"href":"https:\/\/consbelohorizonte.esteri.it\/it\/wp-json\/wp\/v2\/comments?post=1163"}],"version-history":[{"count":0,"href":"https:\/\/consbelohorizonte.esteri.it\/it\/wp-json\/wp\/v2\/posts\/1163\/revisions"}],"wp:attachment":[{"href":"https:\/\/consbelohorizonte.esteri.it\/it\/wp-json\/wp\/v2\/media?parent=1163"}],"wp:term":[{"taxonomy":"post_tag","embeddable":true,"href":"https:\/\/consbelohorizonte.esteri.it\/it\/wp-json\/wp\/v2\/tags?post=1163"}],"curies":[{"name":"wp","href":"https:\/\/api.w.org\/{rel}","templated":true}]}}