{"id":1161,"date":"2018-03-15T13:52:50","date_gmt":"2018-03-15T12:52:50","guid":{"rendered":"https:\/\/consbelohorizonte.esteri.it\/news\/dal_consolato\/2018\/03\/shopping-cidade-recebe-a-premiada\/"},"modified":"2018-03-15T13:52:50","modified_gmt":"2018-03-15T12:52:50","slug":"shopping-cidade-recebe-a-premiada","status":"publish","type":"post","link":"https:\/\/consbelohorizonte.esteri.it\/it\/news\/dal_consolato\/2018\/03\/shopping-cidade-recebe-a-premiada\/","title":{"rendered":"Shopping Cidade riceve la premiata esposizione \u201cDa Vinci \u2013 L\u2019esibizione\u201d  che presenta importanti fatti della storia e dell\u2019opera dell\u2019artista  e scienziato rinascimentale"},"content":{"rendered":"<p>Dallo scorso 05 marzo \u00e8 aperta nel Shopping Cidade (Rua Tupis, 337 \u2013 Centro \u2013 Belo Horizonte \u2013 5\u00ba piano) l\u2019esposizione \u201cDa Vinci \u2013 L\u2019Esibizione\u201d che porta in Minas Gerais un po\u2019 della vita e opera di Leonardo Da Vinci, considerato uno degli artisti pi\u00f9 importanti di tutti i tempi. Da Vinci ha avuto rilievo come scienziato, matematico, ingegnere, inventore, anatomista, pittore, scultore, architetto, botanico, poeta, musico, tra altri talenti. Durante la mostra, il pubblico potr\u00e0 conferire un po\u2019 di ognuna di queste versioni di questo straordinario genio e potr\u00e0 anche vedere esposta una replica della Mona Lisa insieme alle invenzioni interattive e altre curiosit\u00e0.<\/p>\n<p>La mostra \u201cDa Vinci \u2013 L\u2019esibizione\u201d \u00e8 stata gi\u00e0 vista da pi\u00f9 di 100 mila persone da quando ha iniziato la sua tourn\u00e9e per il Brasile. Arriva a Belo Horizonte sotto richieste di scuole ed educatori, allestita nel Shopping Cidade nel Piano G5, il quale \u00e8 stato adattato e trasformato in un vero museo occupando una area di 600 metri quadri. Nell\u2019esposizione, il pubblico potr\u00e0 conferire pi\u00f9 di 60 pezzi, di cui 40 sono interattivi, ricreati in collaborazione con artigiani italiani responsabili per interpretare l\u2019antico dialetto fiorentino. \u201cAbbiamo ricevuto molte e-mails e richieste affinch\u00e9 l\u2019esposizione venisse a Belo Horizonte. E quando \u00e8 sorta l\u2019opportunit\u00e0, non abbiamo pensato due volte di portala qui\u201d, enfatizza Erico de Angelis, curatore dell\u2019esposizione.<\/p>\n<p>Oltre alle invenzioni il pubblico potr\u00e0 vedere i pi\u00f9 importanti dipinti dell\u2019artista, tra essi le repliche della Monalisa, l\u2019Annunciazione e la Santa Cena. L\u2019esposizione sar\u00e0 divisa da diverse aree di studi: meccanica, idraulica, geometria, aeronautica e area militare. Importanti citt\u00e0 del mondo l\u2019hanno gi\u00e0 vista, come: Las Vegas, Manila, Buenos Aires, Citt\u00e0 del Messico, Santiago del Cile, Quito, Bogot\u00e0, Montevideo.<\/p>\n<p>\u201cDa Vinci \u2013 L\u2019esibizione\u201d \u00e8 promossa dalla Smart Mix Brasil\/ART BHZ in partnership con l\u2019Exhibition Club.<\/p>\n<p>INFORMAZIONI:<\/p>\n<p>Esposizione \u201cDa Vinci \u2013 L\u2019esibizione\u201d<\/p>\n<p>Luogo: Shopping Cidade \u2013 5\u00ba piano &#8211; Rua Tupis, 337 \u2013 Centro \u2013 Belo Horizonte<\/p>\n<p>Periodo: \u202fdal 05 marzo al 22 aprile<\/p>\n<p>Orario: dal luned\u00ec al sabato, dalle 12 alle 20 e domenica, dalle 11 alle 19.<\/p>\n<p>Classificazione: libera<\/p>\n<p>Ingressi:<\/p>\n<p>Dal luned\u00ec al venerd\u00ec: ridotto: R$25,00 \u2013 non ridotto: R$ 50,00<\/p>\n<p>Sabato, domenica e festivi: ridotto: R$ 30,00 \u2013 non ridotto R$60,00<\/p>\n<p>PROMOZIONI PER PACCO FAMIGLIA \u2013 Ingresso speciale per gruppi da 3 a 5 persone, se entrate insieme nell\u2019esposizione:<\/p>\n<p>Dal luned\u00ec al venerd\u00ec:<\/p>\n<p>\u2022 3 persone =R$ 75,00 &#8211; \u2022 4 persone = R$ 100,00 &#8211; \u2022 5 persone = R$ 125,00<\/p>\n<p>Sabato, domenica e festivi:<\/p>\n<p>\u2022 3 persone=R$ 90,00 &#8211; \u2022 4 persone =R$ 120,00 &#8211; \u2022 5 persone = R$ 150,00<\/p>\n<p>Queste promozioni non sono accumulative con altre gi\u00e0 esistenti o che vengono a esistere.<\/p>\n<p>Visite per le Scuole:<\/p>\n<p>Valore unico per persona: R$ 20,00<\/p>\n<p>Vendita d\u2019Ingressi speciali per gruppi di nel minimo 30 persone. Visite in orari diversi mediante previa prenotazione tramite i telefoni: (31) 4104-3031 | 994577855 e l\u2019email: projetoescola@lojadoshow.com.br .<\/p>\n<p>Informazioni: (31) 4141-2017<\/p>\n<p>Foto in alta risoluzione per la stampa: https:\/\/goo.gl\/kkp6RC<\/p>\n<p>Settore di Stampa dell\u2019Esposizione:<\/p>\n<p>Christina Lima (31) 99981 4897<\/p>\n<p>christina@christinalima.com.br<\/p>\n<p>Settore di Stampa del Shopping Cidade:<\/p>\n<p>Press Comunicazione (31) 3245-3778<\/p>\n<p>Nina Rocha |nina.rocha@presscomunicacao.com.br<\/p>\n<p>Cristiane Jose | cristiane@presscomunicacao.com.br<\/p>\n","protected":false},"excerpt":{"rendered":"Dallo scorso 05 marzo \u00e8 aperta nel Shopping Cidade (Rua Tupis, 337 \u2013 Centro \u2013 Belo Horizonte \u2013 5\u00ba piano) l\u2019esposizione \u201cDa Vinci \u2013 L\u2019Esibizione\u201d che porta in Minas Gerais un po\u2019 della vita e opera di Leonardo Da Vinci, considerato uno degli artisti pi\u00f9 importanti di tutti i tempi. Da Vinci ha avuto rilievo [&hellip;]","protected":false},"author":1,"featured_media":0,"comment_status":"","ping_status":"","sticky":false,"template":"","format":"standard","meta":{"footnotes":""},"tags":[],"class_list":["post-1161","post","type-post","status-publish","format-standard","hentry"],"_links":{"self":[{"href":"https:\/\/consbelohorizonte.esteri.it\/it\/wp-json\/wp\/v2\/posts\/1161","targetHints":{"allow":["GET"]}}],"collection":[{"href":"https:\/\/consbelohorizonte.esteri.it\/it\/wp-json\/wp\/v2\/posts"}],"about":[{"href":"https:\/\/consbelohorizonte.esteri.it\/it\/wp-json\/wp\/v2\/types\/post"}],"author":[{"embeddable":true,"href":"https:\/\/consbelohorizonte.esteri.it\/it\/wp-json\/wp\/v2\/users\/1"}],"replies":[{"embeddable":true,"href":"https:\/\/consbelohorizonte.esteri.it\/it\/wp-json\/wp\/v2\/comments?post=1161"}],"version-history":[{"count":0,"href":"https:\/\/consbelohorizonte.esteri.it\/it\/wp-json\/wp\/v2\/posts\/1161\/revisions"}],"wp:attachment":[{"href":"https:\/\/consbelohorizonte.esteri.it\/it\/wp-json\/wp\/v2\/media?parent=1161"}],"wp:term":[{"taxonomy":"post_tag","embeddable":true,"href":"https:\/\/consbelohorizonte.esteri.it\/it\/wp-json\/wp\/v2\/tags?post=1161"}],"curies":[{"name":"wp","href":"https:\/\/api.w.org\/{rel}","templated":true}]}}