{"id":1151,"date":"2018-03-21T18:01:31","date_gmt":"2018-03-21T17:01:31","guid":{"rendered":"https:\/\/consbelohorizonte.esteri.it\/news\/dal_consolato\/2018\/03\/atentado-poetico-chega-a-15-edicao\/"},"modified":"2018-03-21T18:01:31","modified_gmt":"2018-03-21T17:01:31","slug":"atentado-poetico-chega-a-15-edicao","status":"publish","type":"post","link":"https:\/\/consbelohorizonte.esteri.it\/it\/news\/dal_consolato\/2018\/03\/atentado-poetico-chega-a-15-edicao\/","title":{"rendered":"Atentado Po\u00e9tico chega \u00e0 15\u00aa edi\u00e7\u00e3o e d\u00e1 in\u00edcio ao mais novo circuito liter\u00e1rio de BH"},"content":{"rendered":"<p style=\"text-align: center;\"><a href=\"http:\/\/www.fundacaotorino.com.br\/ei\/novidades\/noticias\/atentado-poetico-chega-a-15a-edicao-e-da-inicio-ao-mais-novo-circuito-literario-de-bh\/\"><img decoding=\"async\" src=\"resource\/img\/2018\/03\/15_atentado_poetico.jpg\" alt=\"15 atentado poetico\" \/><\/a><\/p>\n","protected":false},"excerpt":{"rendered":"","protected":false},"author":1,"featured_media":0,"comment_status":"","ping_status":"","sticky":false,"template":"","format":"standard","meta":{"footnotes":""},"tags":[],"class_list":["post-1151","post","type-post","status-publish","format-standard","hentry"],"_links":{"self":[{"href":"https:\/\/consbelohorizonte.esteri.it\/it\/wp-json\/wp\/v2\/posts\/1151","targetHints":{"allow":["GET"]}}],"collection":[{"href":"https:\/\/consbelohorizonte.esteri.it\/it\/wp-json\/wp\/v2\/posts"}],"about":[{"href":"https:\/\/consbelohorizonte.esteri.it\/it\/wp-json\/wp\/v2\/types\/post"}],"author":[{"embeddable":true,"href":"https:\/\/consbelohorizonte.esteri.it\/it\/wp-json\/wp\/v2\/users\/1"}],"replies":[{"embeddable":true,"href":"https:\/\/consbelohorizonte.esteri.it\/it\/wp-json\/wp\/v2\/comments?post=1151"}],"version-history":[{"count":0,"href":"https:\/\/consbelohorizonte.esteri.it\/it\/wp-json\/wp\/v2\/posts\/1151\/revisions"}],"wp:attachment":[{"href":"https:\/\/consbelohorizonte.esteri.it\/it\/wp-json\/wp\/v2\/media?parent=1151"}],"wp:term":[{"taxonomy":"post_tag","embeddable":true,"href":"https:\/\/consbelohorizonte.esteri.it\/it\/wp-json\/wp\/v2\/tags?post=1151"}],"curies":[{"name":"wp","href":"https:\/\/api.w.org\/{rel}","templated":true}]}}