{"id":1146,"date":"2018-03-26T17:54:05","date_gmt":"2018-03-26T15:54:05","guid":{"rendered":"https:\/\/consbelohorizonte.esteri.it\/news\/dal_consolato\/2018\/03\/design-roadshow-italian-design\/"},"modified":"2018-03-26T17:54:05","modified_gmt":"2018-03-26T15:54:05","slug":"design-roadshow-italian-design","status":"publish","type":"post","link":"https:\/\/consbelohorizonte.esteri.it\/it\/news\/dal_consolato\/2018\/03\/design-roadshow-italian-design\/","title":{"rendered":"Design Roadshow \u2013 Italian Design Day 2018"},"content":{"rendered":"<p>\u00c8 giunta alla sua seconda edizione, dopo il grande successo ottenuto nel 2017, la Giornata del Design Italiano nel Mondo. L\u2019iniziativa, promossa congiuntamente dal Ministero degli Esteri e della Cooperazione Internazionale, dal Ministero dei Beni e delle Attivit\u00e0 Culturali e del Turismo, dalla Triennale di Milano, dall\u2019ICE (Agenzia per la promozione all\u2019estero e l\u2019internazionalizzazione delle imprese italiane), dal Salone del Mobile di Milano, dall\u2019Associazione per il Disegno Industriale, dalla Fondazione Compasso d\u2019Oro e dalla Fondazione Altagamma, si propone di promuovere in ben cento citt\u00e0 nel mondo l\u2019eccellenza italiana nel campo del design.<\/p>\n<p>Il progetto coinvolge tutti i principali attori italiani del settore, tra cui le maggiori imprese &#8211; tramite la Confindustria &#8211; e il mondo della formazione, rappresentato da preminenti universit\u00e0 e scuole di design.<\/p>\n<p>L\u2019importanza che riveste oggi &#8211; per qualunque governo nel mondo ma anche per le istituzioni private &#8211; la politica della sostenibilit\u00e0 ha orientato la scelta del tema di quest\u2019anno proprio al rapporto tra sostenibilit\u00e0 e design. L\u2019Italia \u00e8 leader mondiale del settore, e questo evento sar\u00e0 il veicolo di idee, progetti e soluzioni di qualit\u00e0 che alimenteranno il dibattito internazionale, propedeutico alla XXII Triennale di Milano del 2019 e al grande Expo di Dubai del 2020, attraverso gli interventi di cento \u201cambasciatori\u201d del design italiano (designer, architetti, accademici, critici, imprenditori, comunicatori) nel corso di conferenze, mostre e incontri.<\/p>\n<p>In Brasile, col patrocinio dell\u2019Ambasciata Italiana e della sue Rete Consolare, degli Istituti di Cultura, e in collaborazione con l\u2019Istituto Europeo di Design (IED) di Rio de Janeiro, l\u2019iniziativa \u2013 qui denominata Design Roadshow &#8211; viene celebrata con una serie di conferenze ed eventi nelle principali citt\u00e0 (Rio de Janeiro, S\u00e3o Paulo, Curitiba, Recife, Porto Alegre, Belo Horizonte) per culminare nell\u2019incontro di Brasilia il 4 aprile, il quale si inserisce altres\u00ec nel programma \u201cSemana do Distrito Creativo\u201d promosso dal governo federale brasiliano.<\/p>\n<p>In particolare, l\u2019evento di Belo Horizonte si terr\u00e0 il 3 aprile dalle 19:00 alle 22:00 presso la sede del SEBRAE di Minas Gerais (Av. Bar\u00e3o Homem de Melo, 329), e prevede, dopo l\u2019intervento di apertura della Console d\u2019Italia &#8211; d.ssa Aurora Russi &#8211; e delle autorit\u00e0 presenti, una conferenza del designer e direttore del settore Processi Innovativi e Strategici dello IED di Rio de Janeiro, prof. Fabiano Pereira, su innovazione e sostenibilit\u00e0.<\/p>\n<p>Tutti gli eventi sono gratuiti, ma \u00e8 necessaria la prenotazione, accedendo al sito web dello IED:\u00a0https:\/\/www.eventbrite.com.br\/e\/dia-do-design-italiano-no-mundo-registration-43420102696.<\/p>\n<p>Ulteriori informazioni sono disponibili nel sito web della Farnesina:<\/p>\n<p>https:\/\/www.esteri.it\/mae\/it\/politica_estera\/promozione-integrata-del-sistema\/italian-design-day-idd.html.<\/p>\n<p>https:\/\/www.esteri.it\/mae\/it\/sala_stampa\/archivionotizie\/eventi\/giornata-del-design-italiano-nel.html.<\/p>\n","protected":false},"excerpt":{"rendered":"\u00c8 giunta alla sua seconda edizione, dopo il grande successo ottenuto nel 2017, la Giornata del Design Italiano nel Mondo. L\u2019iniziativa, promossa congiuntamente dal Ministero degli Esteri e della Cooperazione Internazionale, dal Ministero dei Beni e delle Attivit\u00e0 Culturali e del Turismo, dalla Triennale di Milano, dall\u2019ICE (Agenzia per la promozione all\u2019estero e l\u2019internazionalizzazione delle [&hellip;]","protected":false},"author":1,"featured_media":0,"comment_status":"","ping_status":"","sticky":false,"template":"","format":"standard","meta":{"footnotes":""},"tags":[],"class_list":["post-1146","post","type-post","status-publish","format-standard","hentry"],"_links":{"self":[{"href":"https:\/\/consbelohorizonte.esteri.it\/it\/wp-json\/wp\/v2\/posts\/1146","targetHints":{"allow":["GET"]}}],"collection":[{"href":"https:\/\/consbelohorizonte.esteri.it\/it\/wp-json\/wp\/v2\/posts"}],"about":[{"href":"https:\/\/consbelohorizonte.esteri.it\/it\/wp-json\/wp\/v2\/types\/post"}],"author":[{"embeddable":true,"href":"https:\/\/consbelohorizonte.esteri.it\/it\/wp-json\/wp\/v2\/users\/1"}],"replies":[{"embeddable":true,"href":"https:\/\/consbelohorizonte.esteri.it\/it\/wp-json\/wp\/v2\/comments?post=1146"}],"version-history":[{"count":0,"href":"https:\/\/consbelohorizonte.esteri.it\/it\/wp-json\/wp\/v2\/posts\/1146\/revisions"}],"wp:attachment":[{"href":"https:\/\/consbelohorizonte.esteri.it\/it\/wp-json\/wp\/v2\/media?parent=1146"}],"wp:term":[{"taxonomy":"post_tag","embeddable":true,"href":"https:\/\/consbelohorizonte.esteri.it\/it\/wp-json\/wp\/v2\/tags?post=1146"}],"curies":[{"name":"wp","href":"https:\/\/api.w.org\/{rel}","templated":true}]}}