{"id":1140,"date":"2018-04-13T18:42:40","date_gmt":"2018-04-13T16:42:40","guid":{"rendered":"https:\/\/consbelohorizonte.esteri.it\/news\/dal_consolato\/2018\/04\/evento-parlare-italiano-no-othon\/"},"modified":"2018-04-13T18:42:40","modified_gmt":"2018-04-13T16:42:40","slug":"evento-parlare-italiano-no-othon","status":"publish","type":"post","link":"https:\/\/consbelohorizonte.esteri.it\/it\/news\/dal_consolato\/2018\/04\/evento-parlare-italiano-no-othon\/","title":{"rendered":"Evento Parlare Italiano no Othon Palace"},"content":{"rendered":"<p><img decoding=\"async\" src=\"resource\/img\/2018\/04\/parliamo.png\" alt=\"parliamo\" \/><\/p>\n<p>Grande parte da cultura italiana reside na l\u00edngua, que se fala com palavras e gestos. E \u00e9 para resgatar a import\u00e2ncia do idioma italiano que a Associa\u00e7\u00e3o de Cultura \u00cdtalo-Brasileira de Minas Gerais, a Acibra MG, convida o p\u00fablico de Belo Horizonte para a primeira roda de conversa Parlare italiano. O encontro acontece no restaurante do hotel Othon Palace, no dia 17 de abril, a partir das 19h.<\/p>\n<p>O local escolhido para o evento \u00e9 especial. O Bar e Restaurante Varand\u00e3o, no 25\u00ba andar do hotel, oferece uma vista maravilhosa da cidade de Belo Horizonte, especialmente do Parque Municipal. Para participar do encontro, basta inscrever-se no evento pelo Sympla (<a href=\"https:\/\/www.sympla.com.br\/parlare-italiano__269688\">chique aqui<\/a>).<\/p>\n<p>O objetivo do Parlare italiano \u00e9 incentivar e valorizar o uso da l\u00edngua entre a comunidade \u00edtalo-brasileira e dar aos novos falantes a oportunidade de praticar o idioma da It\u00e1lia. O projeto, que conta com o apoio do Consulado da It\u00e1lia em Minas Gerais e patroc\u00ednio do Belo Horizonte Othon Palace, tem como inspira\u00e7\u00e3o a campanha Vivere all&#8217;Italiana &#8211; a forma de viver \u00e0 maneira italiana, idealizada pelo Ministero degli Affari Esteri e della Cooperazione Internazionale.<\/p>\n<p>Vivere all&#8217;Italiana \u00e9 uma a\u00e7\u00e3o do governo da It\u00e1lia que visa a promo\u00e7\u00e3o da cultura italiana no exterior, dando \u00eanfase \u00e0 arte, ao cinema, ao design, \u00e0 comida, ao vinho, \u00e0s universidades e ao turismo cultural.<\/p>\n<p>Parlare italiano<\/p>\n<p>Data: 17 de abril, ter\u00e7a-feira<br \/>Hor\u00e1rio: 19h \u00e0s 21h<br \/>Local: Belo Horizonte Othon Palace, Avenida Afonso Pena, 1.050, Centro<br \/>Aberto ao p\u00fablico<br \/>Mais informa\u00e7\u00f5es:<br \/>Daniela Souza (31)3273-7402 | acibramgcomunicacao@gmail.com<\/p>\n","protected":false},"excerpt":{"rendered":"Grande parte da cultura italiana reside na l\u00edngua, que se fala com palavras e gestos. E \u00e9 para resgatar a import\u00e2ncia do idioma italiano que a Associa\u00e7\u00e3o de Cultura \u00cdtalo-Brasileira de Minas Gerais, a Acibra MG, convida o p\u00fablico de Belo Horizonte para a primeira roda de conversa Parlare italiano. O encontro acontece no restaurante [&hellip;]","protected":false},"author":1,"featured_media":0,"comment_status":"","ping_status":"","sticky":false,"template":"","format":"standard","meta":{"footnotes":""},"tags":[],"class_list":["post-1140","post","type-post","status-publish","format-standard","hentry"],"_links":{"self":[{"href":"https:\/\/consbelohorizonte.esteri.it\/it\/wp-json\/wp\/v2\/posts\/1140","targetHints":{"allow":["GET"]}}],"collection":[{"href":"https:\/\/consbelohorizonte.esteri.it\/it\/wp-json\/wp\/v2\/posts"}],"about":[{"href":"https:\/\/consbelohorizonte.esteri.it\/it\/wp-json\/wp\/v2\/types\/post"}],"author":[{"embeddable":true,"href":"https:\/\/consbelohorizonte.esteri.it\/it\/wp-json\/wp\/v2\/users\/1"}],"replies":[{"embeddable":true,"href":"https:\/\/consbelohorizonte.esteri.it\/it\/wp-json\/wp\/v2\/comments?post=1140"}],"version-history":[{"count":0,"href":"https:\/\/consbelohorizonte.esteri.it\/it\/wp-json\/wp\/v2\/posts\/1140\/revisions"}],"wp:attachment":[{"href":"https:\/\/consbelohorizonte.esteri.it\/it\/wp-json\/wp\/v2\/media?parent=1140"}],"wp:term":[{"taxonomy":"post_tag","embeddable":true,"href":"https:\/\/consbelohorizonte.esteri.it\/it\/wp-json\/wp\/v2\/tags?post=1140"}],"curies":[{"name":"wp","href":"https:\/\/api.w.org\/{rel}","templated":true}]}}