{"id":1131,"date":"2018-05-05T16:34:02","date_gmt":"2018-05-05T14:34:02","guid":{"rendered":"https:\/\/consbelohorizonte.esteri.it\/news\/dal_consolato\/2018\/05\/settimana-dell-europa-rassegna\/"},"modified":"2018-05-05T16:34:02","modified_gmt":"2018-05-05T14:34:02","slug":"settimana-dell-europa-rassegna","status":"publish","type":"post","link":"https:\/\/consbelohorizonte.esteri.it\/it\/news\/dal_consolato\/2018\/05\/settimana-dell-europa-rassegna\/","title":{"rendered":"SETTIMANA DELL\u2019EUROPA \u2013 RASSEGNA CINEMATOGRAFICA: LA MAFIA UCCIDE SOLO D&#8217;ESTATE (17 GIUGNO, ORE 19:00)"},"content":{"rendered":"<p>Nell\u2019ambito della rassegna cinematografica &#8220;Democrazia in scena&#8221; organizzato in occasione della Settimana dell\u2019Europa, invitiamo il pubblico ad assistere al film italiano &#8220;La Mafia Uccide Solo d&#8217;Estate&#8221; di PIF.<\/p>\n<p>Ambientato nella Sicilia contemporanea, il film \u00e8 il racconto tragicomico della vita di Arturo, che sin da giovane, incontra la mafia sul proprio cammino. Arturo \u00e9 un bambino particolarmente sensibile alle peculiarit\u00e0 che si verificano quotidianamente nella sua citt\u00e0 e subisce lo stesso destino di tutti i giovani giornalisti e attivisti che hanno affrontato la verit\u00e0 a testa alta e che, spesso, si sono trasformate in vittime della mafia. Partendo dalla vita personale del protagonista e dalla sua banale storiella d&#8217;amore, il film si propone di mostrare l&#8217;organizzazione criminale non come un&#8217;entit\u00e0 marginale della societ\u00e0 del sud Italia, ma come un organismo che, di fatto, permea tutti gli aspetti della vita degli abitanti della regione e la cultura collettiva.<\/p>\n<p>Il film sar\u00e0 proiettato in versione originale con sottotitoli in portoghese il 17 giugno alle 19 presso il MIS Cine Santa Tereza (R. Estrela do Sul, 89, Santa Teresa). L&#8217;ingresso \u00e8 gratuito, soggetto a disponibilit\u00e0 di posti.<\/p>\n<p>Tutte le informazioni sulla programmazione della Settimana dell\u2019Europa sono disponibili su <a href=\"https:\/\/www.semanadaeuropa.org\/;potete\">https:\/\/www.semanadaeuropa.org\/;potete<\/a> conoscere la programmazione completa di BH nella sezione: <a href=\"https:\/\/www.semanadaeuropa.org\/belo-horizonte\">https:\/\/www.semanadaeuropa.org\/belo-horizonte<\/a><\/p>\n<p>Vi aspettiamo!<\/p>\n","protected":false},"excerpt":{"rendered":"Nell\u2019ambito della rassegna cinematografica &#8220;Democrazia in scena&#8221; organizzato in occasione della Settimana dell\u2019Europa, invitiamo il pubblico ad assistere al film italiano &#8220;La Mafia Uccide Solo d&#8217;Estate&#8221; di PIF. Ambientato nella Sicilia contemporanea, il film \u00e8 il racconto tragicomico della vita di Arturo, che sin da giovane, incontra la mafia sul proprio cammino. Arturo \u00e9 un [&hellip;]","protected":false},"author":1,"featured_media":0,"comment_status":"","ping_status":"","sticky":false,"template":"","format":"standard","meta":{"footnotes":""},"tags":[],"class_list":["post-1131","post","type-post","status-publish","format-standard","hentry"],"_links":{"self":[{"href":"https:\/\/consbelohorizonte.esteri.it\/it\/wp-json\/wp\/v2\/posts\/1131","targetHints":{"allow":["GET"]}}],"collection":[{"href":"https:\/\/consbelohorizonte.esteri.it\/it\/wp-json\/wp\/v2\/posts"}],"about":[{"href":"https:\/\/consbelohorizonte.esteri.it\/it\/wp-json\/wp\/v2\/types\/post"}],"author":[{"embeddable":true,"href":"https:\/\/consbelohorizonte.esteri.it\/it\/wp-json\/wp\/v2\/users\/1"}],"replies":[{"embeddable":true,"href":"https:\/\/consbelohorizonte.esteri.it\/it\/wp-json\/wp\/v2\/comments?post=1131"}],"version-history":[{"count":0,"href":"https:\/\/consbelohorizonte.esteri.it\/it\/wp-json\/wp\/v2\/posts\/1131\/revisions"}],"wp:attachment":[{"href":"https:\/\/consbelohorizonte.esteri.it\/it\/wp-json\/wp\/v2\/media?parent=1131"}],"wp:term":[{"taxonomy":"post_tag","embeddable":true,"href":"https:\/\/consbelohorizonte.esteri.it\/it\/wp-json\/wp\/v2\/tags?post=1131"}],"curies":[{"name":"wp","href":"https:\/\/api.w.org\/{rel}","templated":true}]}}