{"id":1121,"date":"2018-05-22T00:11:02","date_gmt":"2018-05-21T22:11:02","guid":{"rendered":"https:\/\/consbelohorizonte.esteri.it\/news\/dal_consolato\/2018\/05\/viii-seminario-da-imigracao-italiana\/"},"modified":"2018-05-22T00:11:02","modified_gmt":"2018-05-21T22:11:02","slug":"viii-seminario-da-imigracao-italiana","status":"publish","type":"post","link":"https:\/\/consbelohorizonte.esteri.it\/it\/news\/dal_consolato\/2018\/05\/viii-seminario-da-imigracao-italiana\/","title":{"rendered":"VIII Semin\u00e1rio da Imigra\u00e7\u00e3o Italiana em Minas Gerais"},"content":{"rendered":"<p style=\"text-align: center;\">Inscri\u00e7\u00f5es gratuitas e abertas ao p\u00fablico em geral,<\/p>\n<p style=\"text-align: center;\">no site: <a href=\"http:\/\/www.ponteentreculturas.com.br\/seminario2018\">www.ponteentreculturas.com.br\/seminario2018<\/a><\/p>\n<p style=\"text-align: center;\">ou pelo email: <a href=\"mailto:seminarioimigracaoitalianamg@gmail.com\">seminarioimigracaoitalianamg@gmail.com<\/a><\/p>\n<p style=\"text-align: center;\">\u00a0<\/p>\n<p>Acesse \u00e0 programa\u00e7\u00e3o completa: <a href=\"https:\/\/goo.gl\/QVn8De\">https:\/\/goo.gl\/QVn8De<\/a>\u00a0<\/p>\n<p>A oitava edi\u00e7\u00e3o do Semin\u00e1rio da Imigra\u00e7\u00e3o Italiana em Minas Gerais acontece em Belo Horizonte no per\u00edodo de 28 de maio a 02 de junho, coincidindo com a mais importante comemora\u00e7\u00e3o nacional italiana: a \u201cFesta della Repubblica\u201d (02 de junho).<\/p>\n<p>Al\u00e9m de divulgar novas pesquisas e trabalhos in\u00e9ditos, esta edi\u00e7\u00e3o tem o objetivo de lan\u00e7ar as premissas para a cria\u00e7\u00e3o de um arquivo virtual da Imigra\u00e7\u00e3o Italiana em Minas Gerais e de uma rede que possa integrar os diversos arquivos existentes, facilitando consultas e pesquisas e contribuindo para a preserva\u00e7\u00e3o desta importante parcela do patrim\u00f4nio hist\u00f3rico e cultural de Minas Gerais, do Brasil e da It\u00e1lia.<\/p>\n<p>Em vista desse objetivo, o semin\u00e1rio est\u00e1 convidando alguns especialistas italianos e brasileiros de renome internacional:<br \/>\u2022 Stefano Vitali, Coordenador do portal Antenati e Diretor do Istituto Centrale per gli Archivi Sistema Nazionale degli Archivi &#8211; Ministero dei Beni Culturali e delle Attivit\u00e1 Culturali del Turismo MiBACT &#8211; Italia. www.antenati.san.beniculturali.it<br \/>\u2022 Vitor Manoel Marques da Fonseca, historiador e professor do Programa de P\u00f3s-Gradua\u00e7\u00e3o em Ci\u00eancia da Informa\u00e7\u00e3o da Universidade Federal Fluminense, ex-membro do Programa Mem\u00f3ria do Mundo (UNESCO), atuou no Arquivo Nacional de 1981 a 2016.<br \/>\u2022 Cilmar Cesconetto Franceschetto, diretor do Arquivo P\u00fablico do Estado do Esp\u00edrito Santo, Idealizador e coordenador do Projeto Imigrantes e Diretor-Presidente da Casa d\u2019It\u00e1lia do Esp\u00edrito Santo. http:\/\/imigrantes.es.gov.br<\/p>\n<p>A programa\u00e7\u00e3o contar\u00e1 tamb\u00e9m com as apresenta\u00e7\u00f5es de Henrique Trindade Abreu, pesquisador do Museu da Imigra\u00e7\u00e3o de S\u00e3o Paulo e do historiador Thiago Veloso Vitral, Diretor do Arquivo P\u00fablico Mineiro, bem como com a sess\u00e3o de palestras: \u201cOs italianos e o desenvolvimento socioecon\u00f4mico e cultural de Minas Gerais\u201d e a exposi\u00e7\u00e3o de p\u00f4steres \u201cBusca pelas Origens: Mem\u00f3ria Familiar e Hist\u00f3ria Social\u201d, apresentando trabalhos in\u00e9ditos que abrangem as principais regi\u00f5es e cidades de imigra\u00e7\u00e3o italiana em Minas Gerais como: S\u00e3o Jo\u00e3o del Rei, Juiz de Fora e Zona da Mata; Varginha, Andradas e Sul de Minas; Itueta e Santa Rita do Itueto, no M\u00e9dio Vale do Rio Doce.<\/p>\n<p>As palestras ser\u00e3o transmitidas ao vivo na internet:<br \/><a href=\"http:\/\/www.youtube.com\/channel\/UC2Pau3IOCkXL6tKpTQETGTA\">www.youtube.com\/channel\/UC2Pau3IOCkXL6tKpTQETGTA<\/a>\u00a0<br \/><a href=\"http:\/\/www.facebook.com\/SeminarioImigracaoItalianaMG\">www.facebook.com\/SeminarioImigracaoItalianaMG<\/a>\u00a0<\/p>\n<p>\u00a0<\/p>\n<p><strong>PROGRAMA\u00c7\u00c3O<\/strong><\/p>\n<p>01 de Junho \u00e0s 19h \u2013 Casa Fiat De Cultura<br \/>ABERTURA DO SEMIN\u00c1RIO<br \/>Pronunciamento da C\u00f4nsul da It\u00e1lia em Belo Horizonte, Aurora Russi<br \/>CONFER\u00caNCIA \u201cO PODER DOS ARQUIVOS: MEM\u00d3RIA, IDENTIDADE, RA\u00cdZES\u201d<br \/>Palestrante: Stefano Vitali, Minist\u00e9rio da Cultura (It\u00e1lia) Tradu\u00e7\u00e3o simult\u00e2nea.<\/p>\n<p>02 de junho, 9 \u00e0s 12h &#8211; 14 \u00e1s 17 \u2013 Casa Fiat De Cultura<br \/>PALESTRAS, MESAS REDONDAS E P\u00d4STERES<br \/>Encerramento: 17h30<\/p>\n<p>Acesse \u00e0 programa\u00e7\u00e3o completa do semin\u00e1rio: <a href=\"https:\/\/goo.gl\/QVn8De\">https:\/\/goo.gl\/QVn8De<\/a>\u00a0<\/p>\n<p>\u00a0<\/p>\n<p><img loading=\"lazy\" decoding=\"async\" src=\"resource\/img\/2018\/05\/logomarcas.jpg\" alt=\"logomarcas\" width=\"692\" height=\"437\" \/><\/p>\n","protected":false},"excerpt":{"rendered":"Inscri\u00e7\u00f5es gratuitas e abertas ao p\u00fablico em geral, no site: www.ponteentreculturas.com.br\/seminario2018 ou pelo email: seminarioimigracaoitalianamg@gmail.com \u00a0 Acesse \u00e0 programa\u00e7\u00e3o completa: https:\/\/goo.gl\/QVn8De\u00a0 A oitava edi\u00e7\u00e3o do Semin\u00e1rio da Imigra\u00e7\u00e3o Italiana em Minas Gerais acontece em Belo Horizonte no per\u00edodo de 28 de maio a 02 de junho, coincidindo com a mais importante comemora\u00e7\u00e3o nacional italiana: a [&hellip;]","protected":false},"author":1,"featured_media":0,"comment_status":"","ping_status":"","sticky":false,"template":"","format":"standard","meta":{"footnotes":""},"tags":[],"class_list":["post-1121","post","type-post","status-publish","format-standard","hentry"],"_links":{"self":[{"href":"https:\/\/consbelohorizonte.esteri.it\/it\/wp-json\/wp\/v2\/posts\/1121","targetHints":{"allow":["GET"]}}],"collection":[{"href":"https:\/\/consbelohorizonte.esteri.it\/it\/wp-json\/wp\/v2\/posts"}],"about":[{"href":"https:\/\/consbelohorizonte.esteri.it\/it\/wp-json\/wp\/v2\/types\/post"}],"author":[{"embeddable":true,"href":"https:\/\/consbelohorizonte.esteri.it\/it\/wp-json\/wp\/v2\/users\/1"}],"replies":[{"embeddable":true,"href":"https:\/\/consbelohorizonte.esteri.it\/it\/wp-json\/wp\/v2\/comments?post=1121"}],"version-history":[{"count":0,"href":"https:\/\/consbelohorizonte.esteri.it\/it\/wp-json\/wp\/v2\/posts\/1121\/revisions"}],"wp:attachment":[{"href":"https:\/\/consbelohorizonte.esteri.it\/it\/wp-json\/wp\/v2\/media?parent=1121"}],"wp:term":[{"taxonomy":"post_tag","embeddable":true,"href":"https:\/\/consbelohorizonte.esteri.it\/it\/wp-json\/wp\/v2\/tags?post=1121"}],"curies":[{"name":"wp","href":"https:\/\/api.w.org\/{rel}","templated":true}]}}