{"id":1120,"date":"2018-05-24T20:33:06","date_gmt":"2018-05-24T18:33:06","guid":{"rendered":"https:\/\/consbelohorizonte.esteri.it\/news\/dal_consolato\/2018\/05\/teste\/"},"modified":"2018-05-24T20:33:06","modified_gmt":"2018-05-24T18:33:06","slug":"teste","status":"publish","type":"post","link":"https:\/\/consbelohorizonte.esteri.it\/it\/news\/dal_consolato\/2018\/05\/teste\/","title":{"rendered":"CASA FIAT DE CULTURA REALIZA BATE-PAPO COM PREMIADO QUADRINISTA ITALIANO"},"content":{"rendered":"<p style=\"text-align: center;\"><img decoding=\"async\" src=\"resource\/img\/2018\/05\/zerocalcare_casa_fiat_de_cultura_foto_arquivo_pessoal.jpg\" alt=\"zerocalcare casa fiat de cultura foto arquivo pessoal\" \/><\/p>\n<p style=\"text-align: center;\">\u00a0<\/p>\n<p style=\"text-align: center;\"><span style=\"text-decoration: underline;\">CASA FIAT DE CULTURA REALIZA BATE-PAPO COM PREMIADO QUADRINISTA ITALIANO<\/span><\/p>\n<p style=\"text-align: center;\"><em>Zerocalcare relata sua experi\u00eancia na guerra d<\/em><em>a S\u00edria, que virou HQ. Sucesso editorial na It\u00e1lia, o livro j\u00e1 foi traduzido para cinco<\/em><br \/><em>idiomas<\/em><\/p>\n<p style=\"text-align: justify;\">No dia 1\u00ba de junho, a Casa Fiat de Cultura realiza um bate-papo com o premiado quadrinista italiano Zerocalcare, que abordar\u00e1 o tema \u201cHist\u00f3ria de uma resist\u00eancia, Impress\u00f5es sobre a Guerra na S\u00edria\u201d. O assunto faz refer\u00eancia \u00e0 HQ \u201cKobane Calling \u2013 Ou como fui parar no meio da guerra na S\u00edria\u201d, lan\u00e7ada em 2016 pela Editora Nemo. Sucesso de vendas e cr\u00edtica na It\u00e1lia, a publica\u00e7\u00e3o foi traduzida para ingl\u00eas, franc\u00eas, espanhol, alem\u00e3o e portugu\u00eas e venceu o pr\u00eamio Micheluzzi na Napoli Comicon 2017 na categoria \u201cMelhor Hist\u00f3ria em Quadrinhos\u201d. O bate-papo, que ter\u00e1 tradu\u00e7\u00e3o simult\u00e2nea, acontece das 18h \u00e0s 19h30, com entrada gratuita e espa\u00e7o sujeito \u00e0 lota\u00e7\u00e3o (100 lugares).<\/p>\n<p style=\"text-align: justify;\">A hist\u00f3ria que deu origem \u00e0 HQ come\u00e7a com uma viagem de Zerocalcare, em novembro de 2014, \u00e0 fronteira entre Turquia e S\u00edria,\u00a0 regi\u00e3o que atualmente enfrenta um grande conflito pol\u00edtico-social. Enviado por um jornal italiano, o quadrinista visita a regi\u00e3o com o objetivo de chegar \u00e0 cidade de Kobane, onde o povo curdo luta para conter o avan\u00e7o do Estado Isl\u00e2mico. O relato da viagem \u00e9 publicado na revista \u201cInternazionale\u201d por meio de uma reportagem em quadrinhos em janeiro de 2015 e, com o retorno de Zerocalcare \u00e0 S\u00edria em julho do mesmo ano, uma s\u00e9rie de relatos s\u00e3o publicados e posteriormente compilados na HQ \u201cKobane Calling \u2013 Ou como fui parar no meio da guerra na S\u00edria\u201d.<\/p>\n<p style=\"text-align: justify;\">Neste livro, Zerocalcare produz uma reportagem de sinceridade pungente, um testemunho perturbador que transmite a complexidade e as contradi\u00e7\u00f5es de uma guerra muitas vezes simplificada pela m\u00eddia internacional e pelos discursos pol\u00edticos. Tudo isso com um tom extremamente bem-humorado e ao mesmo tempo tocante \u2013 a linguagem e o universo de um autor que sabe como ningu\u00e9m\u00a0representar as pessoas, o cotidiano, os medos e as aspira\u00e7\u00f5es de sua gera\u00e7\u00e3o. \u201cNo come\u00e7o, em minha partida para a fronteira turco-s\u00edria, n\u00e3o havia a inten\u00e7\u00e3o de fazer um livro.\u00a0 Eu viajei com a inten\u00e7\u00e3o de ajudar de alguma forma, levando medicamentos etc, para a resist\u00eancia curda. Ao longo do tempo, transformei minhas impress\u00f5es em um di\u00e1rio de viagem em quadrinhos, e depois em um livro. Estamos falando de uma experi\u00eancia que aconteceu h\u00e1 mais de dois anos, mas \u00e9 muito importante que continuemos a falar sobre o que est\u00e1 acontecendo ali e o que tem feito a resist\u00eancia curda para derrotar o Estado Isl\u00e2mico\u201d, comenta o quadrinista.<\/p>\n<p style=\"text-align: justify;\">O evento \u00e9 uma realiza\u00e7\u00e3o do Minist\u00e9rio da Cultura, por meio da Lei Federal de Incentivo \u00e0 Cultura, e da Casa Fiat de Cultura, com o patroc\u00ednio da Fiat Chrysler Autom\u00f3veis (FCA), Banco Fidis, Fiat Chrysler Finan\u00e7as, Fiat Chrysler Participa\u00e7\u00f5es e Banco Safra, conta com o apoio do Consulado da It\u00e1lia em Belo Horizonte, Funda\u00e7\u00e3o Torino Escola Internacional e Editora Nemo e tem o apoio institucional do Circuito Liberdade, Instituto Estadual do Patrim\u00f4nio Hist\u00f3rico (Iepha), Governo de Minas e Governo Federal.<\/p>\n<p style=\"text-align: justify;\">Contexto hist\u00f3rico &#8211;\u00a0Os curdos s\u00e3o um povo dividido em quatro pa\u00edses: Turquia, S\u00edria, Iraque e Ir\u00e3, e, em cada um desses pa\u00edses, sua identidade tem sido reprimida. Em 2011, durante a guerra civil s\u00edria, os curdos s\u00edrios proclamaram a autonomia de uma faixa de terra \u2013 Rojava ou Curdist\u00e3o S\u00edrio, dividida em tr\u00eas cant\u00f5es: Afr\u00een, Kobane e Cizreuma \u2013, uma confedera\u00e7\u00e3o democr\u00e1tica regida por um contrato social baseado na pluralidade \u00e9tnica e religiosa, na democracia participativa, na emancipa\u00e7\u00e3o feminina, na redistribui\u00e7\u00e3o da riqueza e na ecologia.<\/p>\n<p style=\"text-align: justify;\">Por\u00e9m, o avan\u00e7o do Estado Isl\u00e2mico na S\u00edria chegou at\u00e9 Rojava. Muitos vilarejos foram ocupados e milhares de pessoas fugiram para evitar os massacres e raptos provocados pelo grupo radical. Enquanto isso, em Kobane, as Unidades de Prote\u00e7\u00e3o do Povo Curdo \u2013 as YPJ, formada por mulheres, e as YPG, mistas \u2013 resistem ao cerco do Estado Isl\u00e2mico, apesar de terem menos armas e suprimentos.<\/p>\n<p style=\"text-align: justify;\">Zerocalcare &#8211;\u00a0 Michele Rech, conhecido como Zerocalcare, nasceu em Arezzo (It\u00e1lia), em 1983. Depois de viver algum tempo na Fran\u00e7a, mudou-se para Rebibbia, um bairro popular de Roma, com o qual estabeleceu uma liga\u00e7\u00e3o muito forte \u2013 talvez inextric\u00e1vel. Sempre ativo nos movimentos e redes sociais, participa de v\u00e1rias edi\u00e7\u00f5es do importante festival \u201cCrack! Fumetti Dirompenti\u201d e come\u00e7a a fazer cartazes, capas de discos e fanzines.<\/p>\n<p style=\"text-align: justify;\">Em 2011, lan\u00e7a sua primeira HQ, \u201cLa profezia dell\u2019Armadillo\u201d [A profecia do tatu], e a partir da\u00ed inicia uma longa parceria com a editora BAO. Seu blog, zerocalcare.it, torna-se em pouco tempo um site muito visitado, a ponto de, em 2012, ser indicado ao Pr\u00eamio Attilio Micheluzzi na categoria Melhor Webcomic da Napoli Comicon, e ao Macchianera Award como Melhor Desenhista \u2013 Cartunista.<\/p>\n<p style=\"text-align: justify;\">Ainda em 2012, \u201cLa profezia dell\u2019Armadillo\u201d ganha o pr\u00eamio Gran Guingi da Lucca Comics &#038; Games como Melhor Hist\u00f3ria Curta. No mesmo ano, publica seu segundo livro, \u201cUm polpo alla gola\u201d. Em 2013 publica \u201cOgni maledetto luned\u00ec su due\u201d, uma colet\u00e2nea das hist\u00f3rias do blog. Tamb\u00e9m nesse ano, faz \u201cDodici\u201d, hist\u00f3ria do g\u00eanero zumbi-apocal\u00edptico e uma declara\u00e7\u00e3o de amor por seu bairro, Rebibbia.<\/p>\n<p style=\"text-align: justify;\">Em 2015, publica uma reportagem em quadrinhos sobre sua visita \u00e0 s\u00edria em apoio ao movimento de resist\u00eancia curdo contra o O premiado livro vendeu mais de 400 mil exemplares na It\u00e1lia e j\u00e1 foi traduzido para cinco idiomas.<\/p>\n<p style=\"text-align: justify;\">Casa Fiat de Cultura &#8211; H\u00e1 12 anos, a Casa Fiat de Cultura cumpre importante papel na transforma\u00e7\u00e3o do cen\u00e1rio cultural mineiro, ao apresentar, em Belo Horizonte, algumas das mais relevantes e prestigiadas exposi\u00e7\u00f5es j\u00e1 realizadas no Brasil. Foram mais de 40 exposi\u00e7\u00f5es de consagrados artistas brasileiros e internacionais, al\u00e9m de mostras de artistas que despontam na cena contempor\u00e2nea. Sua contribui\u00e7\u00e3o \u00e0 renova\u00e7\u00e3o da produ\u00e7\u00e3o art\u00edstica e \u00e0 forma\u00e7\u00e3o de p\u00fablico se estende por meio de uma programa\u00e7\u00e3o diversificada de m\u00fasica, palestras e de um Programa Educativo que prop\u00f5e conceitos e reflex\u00f5es no di\u00e1logo com o p\u00fablico em visitas mediadas e nas<br \/>pr\u00e1ticas promovidas no Ateli\u00ea Aberto, um espa\u00e7o de experimenta\u00e7\u00e3o art\u00edstica livre. A Casa Fiat de Cultura integra um dos mais expressivos corredores culturais do pa\u00eds, o Circuito Liberdade, em Belo Horizonte. Em sua sede no hist\u00f3rico edif\u00edcio do Pal\u00e1cio dos Despachos apresenta, em car\u00e1ter permanente, o simb\u00f3lico painel de Portinari, Civiliza\u00e7\u00e3o Mineira, de 1959. Mais de 2 milh\u00f5es de pessoas j\u00e1 visitaram suas exposi\u00e7\u00f5es e 350 mil participaram de suas atividades educativas.<\/p>\n<p style=\"text-align: justify;\">SERVI\u00c7O<\/p>\n<p style=\"text-align: justify;\">Bate-papo com Zerocalcare: Hist\u00f3ria de uma resist\u00eancia. Impress\u00f5es sobre a Guerra na S\u00edria<\/p>\n<p style=\"text-align: justify;\">1\u00ba junho de 2018<\/p>\n<p style=\"text-align: justify;\">18h \u00e0s 19h30<\/p>\n<p style=\"text-align: justify;\">Palestra em italiano com tradu\u00e7\u00e3o simult\u00e2nea<\/p>\n<p style=\"text-align: justify;\">Entrada gratuita, com espa\u00e7o sujeito \u00e0 lota\u00e7\u00e3o (100 lugares)<\/p>\n<p style=\"text-align: justify;\">A HQ \u201cKobane Calling \u2013 Ou como fui parar no meio da guerra na S\u00edria\u201d estar\u00e1 \u00e0 venda na Casa<br \/>Fiat de Cultura por R$ 49,80.<\/p>\n<p style=\"text-align: justify;\">Casa Fiat de Cultura Circuito Liberdade<\/p>\n<p style=\"text-align: justify;\">Pra\u00e7a da Liberdade, 10 \u2013 Funcion\u00e1rios \u2013 BH\/MG<\/p>\n<p style=\"text-align: justify;\">Hor\u00e1rio de funcionamento: ter\u00e7a a sexta, das 10h \u00e0s 21h \u2013 S\u00e1bados, domingos e feriados, das 10h \u00e0s 18h<\/p>\n<p style=\"text-align: justify;\">Informa\u00e7\u00f5es (31) 3289-8900<\/p>\n<p style=\"text-align: justify;\">www.casafiatdecultura.com.br<\/p>\n<p style=\"text-align: justify;\">casafiat@casafiat.com.br<\/p>\n<p style=\"text-align: justify;\">facebook.com.br\/casafiatdecultura<\/p>\n<p style=\"text-align: justify;\">Instagram: @casafiatdecultura<\/p>\n<p style=\"text-align: justify;\">Twitter: @casafiat<\/p>\n<p style=\"text-align: justify;\">www.circuitoculturalliberdade.com.br<\/p>\n<p style=\"text-align: justify;\">Informa\u00e7\u00f5es para a Imprensa<\/p>\n<p style=\"text-align: justify;\">Personal Press<\/p>\n<p style=\"text-align: justify;\">Polliane Elizi\u00e1rio \u2013 polliane.eliziario@personalpress.jor.br \u2013 (31) 99788-3029<\/p>\n<p style=\"text-align: justify;\">Raquel Braga \u2013 raquel.braga@personalpress.jor.br \u2013 (31) 99548-9158<\/p>\n<p>\u00a0<\/p>\n","protected":false},"excerpt":{"rendered":"\u00a0 CASA FIAT DE CULTURA REALIZA BATE-PAPO COM PREMIADO QUADRINISTA ITALIANO Zerocalcare relata sua experi\u00eancia na guerra da S\u00edria, que virou HQ. Sucesso editorial na It\u00e1lia, o livro j\u00e1 foi traduzido para cincoidiomas No dia 1\u00ba de junho, a Casa Fiat de Cultura realiza um bate-papo com o premiado quadrinista italiano Zerocalcare, que abordar\u00e1 o [&hellip;]","protected":false},"author":1,"featured_media":0,"comment_status":"","ping_status":"","sticky":false,"template":"","format":"standard","meta":{"footnotes":""},"tags":[],"class_list":["post-1120","post","type-post","status-publish","format-standard","hentry"],"_links":{"self":[{"href":"https:\/\/consbelohorizonte.esteri.it\/it\/wp-json\/wp\/v2\/posts\/1120","targetHints":{"allow":["GET"]}}],"collection":[{"href":"https:\/\/consbelohorizonte.esteri.it\/it\/wp-json\/wp\/v2\/posts"}],"about":[{"href":"https:\/\/consbelohorizonte.esteri.it\/it\/wp-json\/wp\/v2\/types\/post"}],"author":[{"embeddable":true,"href":"https:\/\/consbelohorizonte.esteri.it\/it\/wp-json\/wp\/v2\/users\/1"}],"replies":[{"embeddable":true,"href":"https:\/\/consbelohorizonte.esteri.it\/it\/wp-json\/wp\/v2\/comments?post=1120"}],"version-history":[{"count":0,"href":"https:\/\/consbelohorizonte.esteri.it\/it\/wp-json\/wp\/v2\/posts\/1120\/revisions"}],"wp:attachment":[{"href":"https:\/\/consbelohorizonte.esteri.it\/it\/wp-json\/wp\/v2\/media?parent=1120"}],"wp:term":[{"taxonomy":"post_tag","embeddable":true,"href":"https:\/\/consbelohorizonte.esteri.it\/it\/wp-json\/wp\/v2\/tags?post=1120"}],"curies":[{"name":"wp","href":"https:\/\/api.w.org\/{rel}","templated":true}]}}