{"id":1108,"date":"2018-07-13T14:13:32","date_gmt":"2018-07-13T12:13:32","guid":{"rendered":"https:\/\/consbelohorizonte.esteri.it\/news\/dal_consolato\/2018\/07\/xii-festa-d-italia-a-belo-horizonte\/"},"modified":"2018-07-13T14:13:32","modified_gmt":"2018-07-13T12:13:32","slug":"xii-festa-d-italia-a-belo-horizonte","status":"publish","type":"post","link":"https:\/\/consbelohorizonte.esteri.it\/it\/news\/dal_consolato\/2018\/07\/xii-festa-d-italia-a-belo-horizonte\/","title":{"rendered":"XII FESTA D&#8217;ITALIA A BELO HORIZONTE"},"content":{"rendered":"<p><img decoding=\"async\" src=\"resource\/doc\/2018\/07\/festa_da_itlia.jpg\" alt=\"festa da itlia\" \/><\/p>\n<p>Si \u00e8 tenuta il primo luglio la XII edizione della Festa tradizionale italiana di Belo Horizonte, sostenuta dal Consolato e organizzata dall&#8217;ACIBRA-MG (Associazione Culturale Italo-Brasiliana di Minas\u00a0 Gerais). Straordinaria la partecipazione di pubblico con circa 40mila tra italiani, italo-discendenti e amanti della cultura e della gastronomia italiane.<\/p>\n<p>L\u2019evento, considerato una delle pi\u00f9 grandi feste di questo genere al di fuori del territorio italiano, nasce dalla volont\u00e0 di sottolineare l&#8217;integrazione della comunit\u00e0 italiana e la sua attiva partecipazione allo sviluppo del Minas Gerais. Il ricavato dell\u2019evento \u00e8 ripartito tra enti di beneficenza per attivit\u00e0 caritatevoli e di volontariato in Minas Gerais.<\/p>\n<p>Nel sul intervento, il console Savarese ha evidenziato il ruolo pregevole svolto dall\u2019ACIBRA-MG nel sostenere le attivit\u00e0 di enti di\u00a0 beneficenza e volontariato sociale. Ha valorizzato inoltre il peso specifico della comunit\u00e0 italiana in Minas Gerais, dinamica, laboriosa, ben radicata sul territorio e soprattutto molto apprezzata dalle Autorit\u00e0 locali. &#8220;La nostra comunit\u00e0&#8221;, ha proseguito il console, &#8220;con il suo lavoro, i suoi valori e la sua cultura ha partecipato significativamente alla crescita dello Stato di\u00a0Minas Gerais&#8221;.<\/p>\n<p>La manifestazione ha visto inoltre la presenza di molti esponenti del Sistema Italia e dell\u2019associazionismo italiano operanti in Minas Gerais quali la Fondazione Torino, la Camera italo-brasiliana di commercio, industria e agricoltura di Minas Gerais e il Comites del Minas Gerais.<\/p>\n","protected":false},"excerpt":{"rendered":"Si \u00e8 tenuta il primo luglio la XII edizione della Festa tradizionale italiana di Belo Horizonte, sostenuta dal Consolato e organizzata dall&#8217;ACIBRA-MG (Associazione Culturale Italo-Brasiliana di Minas\u00a0 Gerais). Straordinaria la partecipazione di pubblico con circa 40mila tra italiani, italo-discendenti e amanti della cultura e della gastronomia italiane. L\u2019evento, considerato una delle pi\u00f9 grandi feste di [&hellip;]","protected":false},"author":1,"featured_media":0,"comment_status":"","ping_status":"","sticky":false,"template":"","format":"standard","meta":{"footnotes":""},"tags":[],"class_list":["post-1108","post","type-post","status-publish","format-standard","hentry"],"_links":{"self":[{"href":"https:\/\/consbelohorizonte.esteri.it\/it\/wp-json\/wp\/v2\/posts\/1108","targetHints":{"allow":["GET"]}}],"collection":[{"href":"https:\/\/consbelohorizonte.esteri.it\/it\/wp-json\/wp\/v2\/posts"}],"about":[{"href":"https:\/\/consbelohorizonte.esteri.it\/it\/wp-json\/wp\/v2\/types\/post"}],"author":[{"embeddable":true,"href":"https:\/\/consbelohorizonte.esteri.it\/it\/wp-json\/wp\/v2\/users\/1"}],"replies":[{"embeddable":true,"href":"https:\/\/consbelohorizonte.esteri.it\/it\/wp-json\/wp\/v2\/comments?post=1108"}],"version-history":[{"count":0,"href":"https:\/\/consbelohorizonte.esteri.it\/it\/wp-json\/wp\/v2\/posts\/1108\/revisions"}],"wp:attachment":[{"href":"https:\/\/consbelohorizonte.esteri.it\/it\/wp-json\/wp\/v2\/media?parent=1108"}],"wp:term":[{"taxonomy":"post_tag","embeddable":true,"href":"https:\/\/consbelohorizonte.esteri.it\/it\/wp-json\/wp\/v2\/tags?post=1108"}],"curies":[{"name":"wp","href":"https:\/\/api.w.org\/{rel}","templated":true}]}}