{"id":1105,"date":"2018-07-31T14:29:26","date_gmt":"2018-07-31T12:29:26","guid":{"rendered":"https:\/\/consbelohorizonte.esteri.it\/news\/dal_consolato\/2018\/07\/8-festa-do-cinema-italiano\/"},"modified":"2018-07-31T14:29:26","modified_gmt":"2018-07-31T12:29:26","slug":"8-festa-do-cinema-italiano","status":"publish","type":"post","link":"https:\/\/consbelohorizonte.esteri.it\/it\/news\/dal_consolato\/2018\/07\/8-festa-do-cinema-italiano\/","title":{"rendered":"8\u00bd Festa do Cinema Italiano"},"content":{"rendered":"<p>A mais recente e melhor produ\u00e7\u00e3o do cinema contempor\u00e2neo da It\u00e1lia chega a Belo Horizonte de <strong>02 a 08 de agosto<\/strong> no <strong>Cinema Belas Artes<\/strong> (Rua Gon\u00e7alves Dias, 1581 \u2013 Lourdes).<\/p>\n<p>Consulte a programa\u00e7\u00e3o completa da Festa do Cinema Italiano no site: http:\/\/www.festadocinemaitaliano.com.br\/programacao<\/p>\n<p>***<\/p>\n<p style=\"text-align: justify;\">Est\u00e3o garantidas as premi\u00e8res de importantes filmes, que fizeram grande sucesso nos mais importantes festivais internacionais, como Fortunata de Sergio Castellitto, protagonizado por Jasmine Trinca, pr\u00eamio de Melhor Atriz na mostra \u201cUn Certain Regard\u201d do Festival de Cannes; e Nico 1988, de Susanna Nicchiarelli, vencedor da Mostra Orizzonti, no Festival de Veneza; e Dogman, de Matteo Garrone, filme de grande impacto, aplaudido na competi\u00e7\u00e3o do Festival de Cannes deste ano, que deu a Marcello Fonte a Palma de Ouro de Melhor Ator.<\/p>\n<p style=\"text-align: justify;\">N\u00e3o esquecemos o \u00faltimo filme co-realizado por Vittorio Taviani, Uma Quest\u00e3o Pessoal (Una questione privata), baseado no livro de Beppe Fenoglio. A Ternura (La Tenerezza), intenso drama de Gianni Amelio, e A Vida em Fam\u00edlia (La vita in comune), de Eduardo Winspeare, apresentado no \u00faltimo Festival de Veneza. Assim como Emma (Il Colore Nascosto Delle Cose), de Silvio Soldini, com<br \/>uma not\u00e1vel interpreta\u00e7\u00e3o de Valeria Golino no papel de uma deficiente visual.<\/p>\n<p style=\"text-align: justify;\">H\u00e1 espa\u00e7o tamb\u00e9m na programa\u00e7\u00e3o para os maiores sucessos de p\u00fablico da mais recente temporada na It\u00e1lia, como A Garota na N\u00e9voa (La ragazza nella nebbia), de Donato Carrisi, um suspense policial protagonizado por Toni Servillo. O \u00faltimo filme de Gabriele Muccino, Aqui em Casa Tudo Boem (A Casa Tutti Bene), e tamb\u00e9m Made in Italy, realizado por Luciano Ligabue, um dos mais conhecidos cantores e compositores da It\u00e1lia. Sem falar de Pobres, mas Ricos (Poveri ma Ricchi), de Fabio Brizzi, divertid\u00edssima com\u00e9dia sobre uma fam\u00edlia que se torna inesperadamente riqu\u00edssima.<\/p>\n","protected":false},"excerpt":{"rendered":"A mais recente e melhor produ\u00e7\u00e3o do cinema contempor\u00e2neo da It\u00e1lia chega a Belo Horizonte de 02 a 08 de agosto no Cinema Belas Artes (Rua Gon\u00e7alves Dias, 1581 \u2013 Lourdes). Consulte a programa\u00e7\u00e3o completa da Festa do Cinema Italiano no site: http:\/\/www.festadocinemaitaliano.com.br\/programacao *** Est\u00e3o garantidas as premi\u00e8res de importantes filmes, que fizeram grande sucesso [&hellip;]","protected":false},"author":1,"featured_media":0,"comment_status":"","ping_status":"","sticky":false,"template":"","format":"standard","meta":{"footnotes":""},"tags":[],"class_list":["post-1105","post","type-post","status-publish","format-standard","hentry"],"_links":{"self":[{"href":"https:\/\/consbelohorizonte.esteri.it\/it\/wp-json\/wp\/v2\/posts\/1105","targetHints":{"allow":["GET"]}}],"collection":[{"href":"https:\/\/consbelohorizonte.esteri.it\/it\/wp-json\/wp\/v2\/posts"}],"about":[{"href":"https:\/\/consbelohorizonte.esteri.it\/it\/wp-json\/wp\/v2\/types\/post"}],"author":[{"embeddable":true,"href":"https:\/\/consbelohorizonte.esteri.it\/it\/wp-json\/wp\/v2\/users\/1"}],"replies":[{"embeddable":true,"href":"https:\/\/consbelohorizonte.esteri.it\/it\/wp-json\/wp\/v2\/comments?post=1105"}],"version-history":[{"count":0,"href":"https:\/\/consbelohorizonte.esteri.it\/it\/wp-json\/wp\/v2\/posts\/1105\/revisions"}],"wp:attachment":[{"href":"https:\/\/consbelohorizonte.esteri.it\/it\/wp-json\/wp\/v2\/media?parent=1105"}],"wp:term":[{"taxonomy":"post_tag","embeddable":true,"href":"https:\/\/consbelohorizonte.esteri.it\/it\/wp-json\/wp\/v2\/tags?post=1105"}],"curies":[{"name":"wp","href":"https:\/\/api.w.org\/{rel}","templated":true}]}}