{"id":1101,"date":"2018-08-09T15:20:28","date_gmt":"2018-08-09T13:20:28","guid":{"rendered":"https:\/\/consbelohorizonte.esteri.it\/news\/dal_consolato\/2018\/08\/stefano-bollani-em-belo-horizonte\/"},"modified":"2018-08-09T15:20:28","modified_gmt":"2018-08-09T13:20:28","slug":"stefano-bollani-em-belo-horizonte","status":"publish","type":"post","link":"https:\/\/consbelohorizonte.esteri.it\/it\/news\/dal_consolato\/2018\/08\/stefano-bollani-em-belo-horizonte\/","title":{"rendered":"Stefano Bollani \u00danica Apresenta\u00e7\u00e3o em Belo Horizonte dia 15 de agosto Cine Theatro Brasil Vallourec &#8211; Lan\u00e7amento do \u00e1lbum \u201cQue Bom\u201d \u2013 gravado com feras da m\u00fasica brasileira"},"content":{"rendered":"<p><img decoding=\"async\" src=\"resource\/img\/2018\/08\/banner_facebook_bh.jpg\" alt=\"banner facebook bh\" \/><\/p>\n<p style=\"text-align: justify;\">Em\u00a0agosto\u00a0Satefano Bollani vem ao Brasil para lan\u00e7ar \u201cQue Bom\u201d, seu o primeiro \u00e1lbum pelo pr\u00f3prio selo, Alobar (distribuido aqui pela Biscoito Fino), e o segundo projeto transnacional com m\u00fasicos brasileiros. Gravado no Rio de Janeiro em dezembro de 2017, o disco re\u00fane um dreamteam de renomados m\u00fasicos brasileiros, interpretando composi\u00e7\u00f5es in\u00e9ditas de Bollani. O \u00e1lbum teve tamb\u00e9m a participa\u00e7\u00e3o de estrelas populares como Caetano Veloso e Jo\u00e3o Bosco e acaba de ser lan\u00e7ado na Europa.<\/p>\n<p style=\"text-align: justify;\">Aos 45 anos, Stefano Bollani n\u00e3o \u00e9 apenas o pianista de jazz mais admirado da It\u00e1lia. Sua fama est\u00e1 difundida por toda a Europa e Estados Unidos, especialmente da parceria que estabeleceu com o eminente trompetista Enrico Rava, gravado em quatro \u00e1lbuns do selo ECM entre 2003 e 2008.<\/p>\n<p style=\"text-align: justify;\">O pianista italiano pertence a uma gera\u00e7\u00e3o de m\u00fasicos europeus que se sentem igualmente identificados com jazz americano, m\u00fasica europeia e tradi\u00e7\u00f5es populares, deixando sua marca pessoal em tudo o que eles tocam. Em vez de se atrair por efeitos virtuosos, Bollani aplica uma t\u00e9cnica polida sem deixar de lado sua versatilidade e o bom senso de humor. Em suas composi\u00e7\u00f5es, ele atinge um equil\u00edbrio confort\u00e1vel entre melodias claramente delineadas e estruturas abertas, o que o torna um m\u00fasico essencial para o jazz contempor\u00e2neo.<\/p>\n<p style=\"text-align: justify;\">O estilo de Bollani \u00e9 muito variado: ragtime e samba, pop e cl\u00e1ssico, tudo est\u00e1 misturado em suas composi\u00e7\u00f5es. Seus concertos s\u00e3o sempre um espet\u00e1culo muito divertido para o p\u00fablico, com o qual o pianista fala e brinca sempre. \u00c9 inspirado por v\u00e1rios pianistas, de Bill Evans a Art Tatum, de Martial Solal a Keith Jarrett.<\/p>\n<p style=\"text-align: justify;\">Capa do CD Que Bom Em Belo Horizonte, Bollani vem acompanhado de um time de feras brasileiras: Jorge Helder no baixo, Jurim Moreira na bateria, Armando Mar\u00e7al e Thiago da Serrinha nas percuss\u00f5es.<\/p>\n<p style=\"text-align: justify;\">No repert\u00f3rio do show, m\u00fasicas do novo \u00e1lbum como: Accettare Tutto, Olha Brita, Que bom e Na\u00e7\u00e3o.<\/p>\n<p style=\"text-align: justify;\">Este show \u00e9 parte de uma turn\u00ea de lan\u00e7amento que passar\u00e1 pelas capitais: Recife, Belo Horizonte, S\u00e3o Paulo, Bras\u00edlia e Rio de Janeiro, al\u00e9m de Ribeir\u00e3o Preto e Jundia\u00ed, contando com patroc\u00ednio da Embaixada da It\u00e1lia no Brasil e Consulado da It\u00e1lia em Belo Horizonte.<\/p>\n<p style=\"text-align: justify;\"><span style=\"text-decoration: underline;\"><strong>Conhe\u00e7a mais Stefano Bollani:<\/strong><\/span><\/p>\n<p style=\"text-align: justify;\">Facebook: https:\/\/www.facebook.com\/StefanoBollaniOfficial<\/p>\n<p>Instagram: https:\/\/www.instagram.com\/stefano_bollani\/<\/p>\n<p>Twitter: https:\/\/twitter.com\/stefanobollani<\/p>\n<p>Youtube channel: https:\/\/www.youtube.com\/user\/StefanoBollaniTV<\/p>\n<p>Ao Vivo Blue Note Rio: https:\/\/www.youtube.com\/watch?v=fIgK8S1DCrk<\/p>\n<p>Making of grava\u00e7\u00e3o: https:\/\/www.youtube.com\/watch?v=hj3u8wNB4Xs<\/p>\n<p>Em est\u00fadio com Caetano Veloso: https:\/\/www.youtube.com\/watch?v=iNo3ALbyPl0<\/p>\n<p><span style=\"text-decoration: underline;\"><strong>Servi\u00e7o:<\/strong><\/span><\/p>\n<p>Local: Cine Theatro Brasil Vallourec\u00a0&#8211; Av. Amazonas, 315 &#8211; Centro, Belo Horizonte<\/p>\n<p>Datas: 15\/08\/ 2018- quarta-feira<\/p>\n<p>Hor\u00e1rio: 19h00<\/p>\n<p>Dura\u00e7\u00e3o: 90 min. aproximadamente<\/p>\n<p>Ingressos: R$ 80 e R$ 60 (inteiras)<\/p>\n<p>Classifica\u00e7\u00e3o indicativa: 14 anos<\/p>\n<p>Aceita todos os cart\u00f5es de d\u00e9bito e cr\u00e9dito.<\/p>\n<p>Acessibilidade motora<\/p>\n<p>Ar condicionado.<\/p>\n<p>Wi-Fi \u2013 solicitar senha na casa<\/p>\n<p>Informa\u00e7\u00e3o para imprensa: \u00c2ngela &#8211; angela@noir.com.br<\/p>\n<p>\u00a0<\/p>\n","protected":false},"excerpt":{"rendered":"Em\u00a0agosto\u00a0Satefano Bollani vem ao Brasil para lan\u00e7ar \u201cQue Bom\u201d, seu o primeiro \u00e1lbum pelo pr\u00f3prio selo, Alobar (distribuido aqui pela Biscoito Fino), e o segundo projeto transnacional com m\u00fasicos brasileiros. Gravado no Rio de Janeiro em dezembro de 2017, o disco re\u00fane um dreamteam de renomados m\u00fasicos brasileiros, interpretando composi\u00e7\u00f5es in\u00e9ditas de Bollani. O \u00e1lbum [&hellip;]","protected":false},"author":1,"featured_media":0,"comment_status":"","ping_status":"","sticky":false,"template":"","format":"standard","meta":{"footnotes":""},"tags":[],"class_list":["post-1101","post","type-post","status-publish","format-standard","hentry"],"_links":{"self":[{"href":"https:\/\/consbelohorizonte.esteri.it\/it\/wp-json\/wp\/v2\/posts\/1101","targetHints":{"allow":["GET"]}}],"collection":[{"href":"https:\/\/consbelohorizonte.esteri.it\/it\/wp-json\/wp\/v2\/posts"}],"about":[{"href":"https:\/\/consbelohorizonte.esteri.it\/it\/wp-json\/wp\/v2\/types\/post"}],"author":[{"embeddable":true,"href":"https:\/\/consbelohorizonte.esteri.it\/it\/wp-json\/wp\/v2\/users\/1"}],"replies":[{"embeddable":true,"href":"https:\/\/consbelohorizonte.esteri.it\/it\/wp-json\/wp\/v2\/comments?post=1101"}],"version-history":[{"count":0,"href":"https:\/\/consbelohorizonte.esteri.it\/it\/wp-json\/wp\/v2\/posts\/1101\/revisions"}],"wp:attachment":[{"href":"https:\/\/consbelohorizonte.esteri.it\/it\/wp-json\/wp\/v2\/media?parent=1101"}],"wp:term":[{"taxonomy":"post_tag","embeddable":true,"href":"https:\/\/consbelohorizonte.esteri.it\/it\/wp-json\/wp\/v2\/tags?post=1101"}],"curies":[{"name":"wp","href":"https:\/\/api.w.org\/{rel}","templated":true}]}}